{"id":4826,"date":"2021-09-21T15:47:01","date_gmt":"2021-09-21T19:47:01","guid":{"rendered":"https:\/\/gennexteo.ca\/?post_type=news&#038;p=4826"},"modified":"2021-09-21T15:47:04","modified_gmt":"2021-09-21T19:47:04","slug":"batisseurs-communautaires-defenseurs-de-la-communaute-2slgbtq-de-notre-region","status":"publish","type":"news","link":"https:\/\/gennexteo.ca\/fr\/nouvelles-et-histoires\/batisseurs-communautaires-defenseurs-de-la-communaute-2slgbtq-de-notre-region\/","title":{"rendered":"B\u00e2tisseurs communautaires, d\u00e9fenseurs de la communaut\u00e9 2SLGBTQ+ de notre r\u00e9gion"},"content":{"rendered":"\t\t<div data-elementor-type=\"wp-post\" data-elementor-id=\"4826\" class=\"elementor elementor-4826 elementor-4807\" data-elementor-post-type=\"news\">\n\t\t\t\t\t\t\t\t\t<section class=\"elementor-section elementor-top-section elementor-element elementor-element-6b79f84 elementor-section-boxed elementor-section-height-default elementor-section-height-default\" data-id=\"6b79f84\" data-element_type=\"section\">\n\t\t\t\t\t\t<div class=\"elementor-container elementor-column-gap-default\">\n\t\t\t\t\t<div class=\"elementor-column elementor-col-100 elementor-top-column elementor-element elementor-element-3ef5c3b\" data-id=\"3ef5c3b\" data-element_type=\"column\">\n\t\t\t<div class=\"elementor-widget-wrap elementor-element-populated\">\n\t\t\t\t\t\t\t\t<div class=\"elementor-element elementor-element-f29afd4 elementor-widget elementor-widget-text-editor\" data-id=\"f29afd4\" data-element_type=\"widget\" data-widget_type=\"text-editor.default\">\n\t\t\t\t<div class=\"elementor-widget-container\">\n\t\t\t\t\t\t\t<p><span data-contrast=\"none\">La COVID-19 a peut-\u00eatre chang\u00e9 les fa\u00e7ons de nous rassembler, de c\u00e9l\u00e9brer et de rendre hommage aux gens, mais elle n\u2019a pas chang\u00e9 la fa\u00e7on dont nous\u00a0nous entraidons, surtout en situation de crise.<\/span><span data-ccp-props=\"{&quot;335559739&quot;:200}\">\u00a0<\/span><\/p><p><span data-contrast=\"none\">En effet, des b\u00e9n\u00e9voles font l\u2019\u00e9picerie de voisins immunod\u00e9prim\u00e9s, d\u2019autres font des v\u00e9rifications de mieux-\u00eatre de personnes \u00e2g\u00e9es par t\u00e9l\u00e9phone, certains aident de nouveaux arrivants \u00e0 avoir acc\u00e8s aux services de soutien dont ils ont besoin\u2026 bref, les b\u00e9n\u00e9voles retroussent leurs manches pour aider les gens lorsqu\u2019ils en ont le plus besoin.<\/span><span data-ccp-props=\"{&quot;335559739&quot;:200}\">\u00a0<\/span><\/p><p><span data-contrast=\"none\">Au d\u00e9but de l\u2019\u00e9t\u00e9\u202f2020,\u00a0<\/span><span data-contrast=\"none\">Centraide de l\u2019Est\u00a0de l\u2019Ontario<\/span><span data-contrast=\"none\">\u00a0a invit\u00e9, en collaboration avec<\/span><a href=\"http:\/\/about:blank\/\"><span data-contrast=\"none\">\u00a0<\/span><\/a><a href=\"http:\/\/about:blank\/\"><span data-contrast=\"none\">Apt613<\/span><\/a><span data-contrast=\"none\">,\u00a0les\u00a0appels\u00a0de\u00a0candidatures\u00a0de b\u00e9n\u00e9voles locaux ayant \u00e9t\u00e9 au-del\u00e0 des attentes en cette situation de crise.\u00a0Ensemble, nous avons rendu hommage \u00e0 cinq\u00a0<\/span><a href=\"http:\/\/about:blank\/\"><span data-contrast=\"none\">super h\u00e9ros de la COVID-19<\/span><\/a><span data-contrast=\"none\">. En effet, ceux-ci ont re\u00e7u un Prix de b\u00e2tisseur communautaire pour souligner l\u2019important travail qu\u2019ils font au sein de leur communaut\u00e9 et pour les personnes les plus vuln\u00e9rables de celle-ci pendant la pand\u00e9mie.<\/span><span data-ccp-props=\"{&quot;335559739&quot;:200}\">\u00a0<\/span><\/p><p><span data-contrast=\"none\">Depuis, nous avons c\u00e9l\u00e9br\u00e9 plus de\u00a0<\/span><a href=\"http:\/\/about:blank\/\"><b><span data-contrast=\"none\">20\u202fautres b\u00e9n\u00e9voles remarquables<\/span><\/b><\/a><span data-contrast=\"none\">\u00a0qui sont venus\u00a0en aide \u00e0 leur communaut\u00e9 pendant la\u00a0COVID-19; ces b\u00e9n\u00e9voles ont constamment fait preuve d\u2019altruisme et de bienveillance en cette situation sans pr\u00e9c\u00e9dent.<\/span><span data-ccp-props=\"{&quot;335559739&quot;:200}\">\u00a0<\/span><\/p><p><span data-contrast=\"none\">Nous avons collabor\u00e9 avec nos amis de\u00a0<\/span><span data-contrast=\"none\">Fiert\u00e9 dans la Capitale<\/span><span data-contrast=\"none\">\u00a0et\u00a0Davy\u202fSabourin\u00a0\u2013\u00a0notre animateur et un<\/span><a href=\"http:\/\/about:blank\/\"><span data-contrast=\"none\">\u00a0<\/span><\/a><a href=\"http:\/\/about:blank\/\"><span data-contrast=\"none\">ancien laur\u00e9at d\u2019un Prix de b\u00e2tisseur communautaire<\/span><\/a><span data-contrast=\"none\">\u00a0\u2013\u00a0pour\u00a0rendre hommage \u00e0\u00a0<\/span><b><span data-contrast=\"none\">cinq autres<\/span><\/b><span data-contrast=\"none\">\u00a0incroyables b\u00e2tisseurs communautaires qui travaillent sans rel\u00e2che pour faire de la communaut\u00e9\u202f2SLGBTQ+ un endroit plus accueillant, sain et s\u00e9curitaire pour tous ses membres.\u00a0Ces gens, des chefs de file communautaires et d\u2019ardents d\u00e9fenseurs et partisans de la communaut\u00e9 queer, sont all\u00e9s au-del\u00e0 des attentes pour montrer que nous pouvons \u00eatre ici, avec c\u0153ur\u00a0et leurs efforts ne sont pas pass\u00e9s inaper\u00e7us.<\/span><span data-ccp-props=\"{&quot;335559739&quot;:200}\">\u00a0<\/span><\/p><p><span data-contrast=\"none\">Nous remercions tous ceux qui ont pris le temps de soumettre la candidature d\u2019un h\u00e9ros de tous les jours, et remercions les b\u00e2tisseurs communautaires pour leurs r\u00e9alisations exceptionnelles.<\/span><span data-ccp-props=\"{&quot;335559739&quot;:200}\">\u00a0<\/span><\/p><p><span data-contrast=\"none\">Vous connaissez un b\u00e2tisseur communautaire qui est all\u00e9 au-del\u00e0 des attentes pour appuyer\u00a0sa\u00a0communaut\u00e9 pendant la\u00a0COVID-19?\u00a0Nous acceptons des mises en candidature \u00e0 l\u2019ann\u00e9e dans le cadre de notre programme de Prix de b\u00e2tisseur communautaire!<\/span><span data-ccp-props=\"{&quot;335559739&quot;:200}\">\u00a0<\/span><\/p>\t\t\t\t\t\t<\/div>\n\t\t\t\t<\/div>\n\t\t\t\t\t<\/div>\n\t\t<\/div>\n\t\t\t\t\t\t\t<\/div>\n\t\t<\/section>\n\t\t\t\t<section class=\"elementor-section elementor-top-section elementor-element elementor-element-c6e7e01 elementor-section-boxed elementor-section-height-default elementor-section-height-default\" data-id=\"c6e7e01\" data-element_type=\"section\">\n\t\t\t\t\t\t<div class=\"elementor-container elementor-column-gap-default\">\n\t\t\t\t\t<div class=\"elementor-column elementor-col-100 elementor-top-column elementor-element elementor-element-52b9bac\" data-id=\"52b9bac\" data-element_type=\"column\">\n\t\t\t<div class=\"elementor-widget-wrap elementor-element-populated\">\n\t\t\t\t\t\t\t\t<div class=\"elementor-element elementor-element-96b0da0 elementor-align-center elementor-widget elementor-widget-button\" data-id=\"96b0da0\" data-element_type=\"widget\" data-widget_type=\"button.default\">\n\t\t\t\t<div class=\"elementor-widget-container\">\n\t\t\t\t\t<div class=\"elementor-button-wrapper\">\n\t\t\t<a class=\"elementor-button elementor-button-link elementor-size-sm\" href=\"https:\/\/www.centraideeo.ca\/engagement\/prix-de-batisseur-communautaire\/\">\n\t\t\t\t\t\t<span class=\"elementor-button-content-wrapper\">\n\t\t\t\t\t\t<span class=\"elementor-button-text\">Soumettez une candidature d\u00e8s aujourd\u2019hui<\/span>\n\t\t<\/span>\n\t\t\t\t\t<\/a>\n\t\t<\/div>\n\t\t\t\t<\/div>\n\t\t\t\t<\/div>\n\t\t\t\t\t<\/div>\n\t\t<\/div>\n\t\t\t\t\t\t\t<\/div>\n\t\t<\/section>\n\t\t\t\t<section class=\"elementor-section elementor-top-section elementor-element elementor-element-806b948 elementor-section-boxed elementor-section-height-default elementor-section-height-default\" data-id=\"806b948\" data-element_type=\"section\">\n\t\t\t\t\t\t<div class=\"elementor-container elementor-column-gap-default\">\n\t\t\t\t\t<div class=\"elementor-column elementor-col-100 elementor-top-column elementor-element elementor-element-e9bf5bf\" data-id=\"e9bf5bf\" data-element_type=\"column\">\n\t\t\t<div class=\"elementor-widget-wrap elementor-element-populated\">\n\t\t\t\t\t\t\t\t<div class=\"elementor-element elementor-element-e93f710 elementor-widget elementor-widget-video\" data-id=\"e93f710\" data-element_type=\"widget\" data-settings=\"{&quot;youtube_url&quot;:&quot;https:\\\/\\\/youtu.be\\\/h9Cc7IeDh6w&quot;,&quot;video_type&quot;:&quot;youtube&quot;,&quot;controls&quot;:&quot;yes&quot;}\" data-widget_type=\"video.default\">\n\t\t\t\t<div class=\"elementor-widget-container\">\n\t\t\t\t\t<div class=\"elementor-wrapper elementor-open-inline\">\n\t\t\t<div class=\"elementor-video\"><\/div>\t\t<\/div>\n\t\t\t\t<\/div>\n\t\t\t\t<\/div>\n\t\t\t\t\t<\/div>\n\t\t<\/div>\n\t\t\t\t\t\t\t<\/div>\n\t\t<\/section>\n\t\t\t\t<section class=\"elementor-section elementor-top-section elementor-element elementor-element-b659316 elementor-section-boxed elementor-section-height-default elementor-section-height-default\" data-id=\"b659316\" data-element_type=\"section\">\n\t\t\t\t\t\t<div class=\"elementor-container elementor-column-gap-default\">\n\t\t\t\t\t<div class=\"elementor-column elementor-col-100 elementor-top-column elementor-element elementor-element-4fd2242\" data-id=\"4fd2242\" data-element_type=\"column\">\n\t\t\t<div class=\"elementor-widget-wrap elementor-element-populated\">\n\t\t\t\t\t\t\t\t<div class=\"elementor-element elementor-element-3821db8 elementor-widget elementor-widget-heading\" data-id=\"3821db8\" data-element_type=\"widget\" data-widget_type=\"heading.default\">\n\t\t\t\t<div class=\"elementor-widget-container\">\n\t\t\t<h2 class=\"elementor-heading-title elementor-size-default\">Osmel Guerra Maynes<\/h2>\t\t<\/div>\n\t\t\t\t<\/div>\n\t\t\t\t\t<\/div>\n\t\t<\/div>\n\t\t\t\t\t\t\t<\/div>\n\t\t<\/section>\n\t\t\t\t<section class=\"elementor-section elementor-top-section elementor-element elementor-element-bae9539 elementor-section-boxed elementor-section-height-default elementor-section-height-default\" data-id=\"bae9539\" data-element_type=\"section\">\n\t\t\t\t\t\t<div class=\"elementor-container elementor-column-gap-default\">\n\t\t\t\t\t<div class=\"elementor-column elementor-col-66 elementor-top-column elementor-element elementor-element-8e74921\" data-id=\"8e74921\" data-element_type=\"column\">\n\t\t\t<div class=\"elementor-widget-wrap elementor-element-populated\">\n\t\t\t\t\t\t\t\t<div class=\"elementor-element elementor-element-4caf9b4 elementor-widget elementor-widget-text-editor\" data-id=\"4caf9b4\" data-element_type=\"widget\" data-widget_type=\"text-editor.default\">\n\t\t\t\t<div class=\"elementor-widget-container\">\n\t\t\t\t\t\t\t<p><span data-contrast=\"none\">Osmel\u00a0Guerra\u00a0Maynes, un fier Afro-Latino queer \u2013 ses amis, pairs et coll\u00e8gues disent qu\u2019il est un homme patient, gentil et toujours pr\u00eat \u00e0 \u00e9couter et \u00e0 transmettre sa sagesse \u2013 est actuellement\u00a0le\u00a0directeur administratif de\u00a0<\/span><a href=\"http:\/\/about:blank\/\"><span data-contrast=\"none\">Fiert\u00e9 dans la Capitale<\/span><\/a><span data-contrast=\"none\">.<\/span><span data-ccp-props=\"{&quot;335559739&quot;:200}\">\u00a0<\/span><\/p><p><span data-contrast=\"none\">Ce militant pour la justice sociale cherche \u00e0 rehausser l\u2019inclusion des personnes marginalis\u00e9es.\u00a0En tant que chef de file et mentor charismatique,\u00a0Osmel\u00a0se soucie grandement de sa communaut\u00e9 et travaille d\u2019arrache-pied pour mieux s\u2019engager au sein de sa communaut\u00e9 et pour\u00a0donner une voix aux\u00a0personnes marginalis\u00e9es, particuli\u00e8rement celles de la communaut\u00e9\u202f2SLGBTQ+.<\/span><span data-ccp-props=\"{&quot;335559739&quot;:200}\">\u00a0<\/span><\/p>\t\t\t\t\t\t<\/div>\n\t\t\t\t<\/div>\n\t\t\t\t\t<\/div>\n\t\t<\/div>\n\t\t\t\t<div class=\"elementor-column elementor-col-33 elementor-top-column elementor-element elementor-element-672ffea\" data-id=\"672ffea\" data-element_type=\"column\">\n\t\t\t<div class=\"elementor-widget-wrap elementor-element-populated\">\n\t\t\t\t\t\t\t\t<div class=\"elementor-element elementor-element-7752aab elementor-widget elementor-widget-image\" data-id=\"7752aab\" data-element_type=\"widget\" data-widget_type=\"image.default\">\n\t\t\t\t<div class=\"elementor-widget-container\">\n\t\t\t\t\t\t\t\t\t\t\t\t\t\t\t<img loading=\"lazy\" decoding=\"async\" width=\"800\" height=\"534\" src=\"https:\/\/gennexteo.ca\/wp-content\/uploads\/2021\/08\/Osmel-Guerra-Maynes-1024x683.jpeg\" class=\"attachment-large size-large wp-image-4816\" alt=\"\" srcset=\"https:\/\/gennexteo.ca\/wp-content\/uploads\/2021\/08\/Osmel-Guerra-Maynes-1024x683.jpeg 1024w, https:\/\/gennexteo.ca\/wp-content\/uploads\/2021\/08\/Osmel-Guerra-Maynes-300x200.jpeg 300w, https:\/\/gennexteo.ca\/wp-content\/uploads\/2021\/08\/Osmel-Guerra-Maynes-768x512.jpeg 768w, https:\/\/gennexteo.ca\/wp-content\/uploads\/2021\/08\/Osmel-Guerra-Maynes.jpeg 1086w\" sizes=\"auto, (max-width: 800px) 100vw, 800px\" \/>\t\t\t\t\t\t\t\t\t\t\t\t\t\t\t<\/div>\n\t\t\t\t<\/div>\n\t\t\t\t\t<\/div>\n\t\t<\/div>\n\t\t\t\t\t\t\t<\/div>\n\t\t<\/section>\n\t\t\t\t<section class=\"elementor-section elementor-top-section elementor-element elementor-element-6132fc0 elementor-section-boxed elementor-section-height-default elementor-section-height-default\" data-id=\"6132fc0\" data-element_type=\"section\">\n\t\t\t\t\t\t<div class=\"elementor-container elementor-column-gap-default\">\n\t\t\t\t\t<div class=\"elementor-column elementor-col-100 elementor-top-column elementor-element elementor-element-f2d46bf\" data-id=\"f2d46bf\" data-element_type=\"column\">\n\t\t\t<div class=\"elementor-widget-wrap elementor-element-populated\">\n\t\t\t\t\t\t\t\t<div class=\"elementor-element elementor-element-2b3b2b7 elementor-widget elementor-widget-text-editor\" data-id=\"2b3b2b7\" data-element_type=\"widget\" data-widget_type=\"text-editor.default\">\n\t\t\t\t<div class=\"elementor-widget-container\">\n\t\t\t\t\t\t\t<p><span data-contrast=\"none\">Osmel\u00a0a\u00a0cr\u00e9\u00e9, voire favoris\u00e9, des endroits inclusifs pour la communaut\u00e9\u202f2SLGBTQ+\u00a0de notre\u00a0r\u00e9gion.\u00a0Osmel\u00a0a tout fait, y compris organiser la programmation estivale et hivernale de la Fiert\u00e9 pour cr\u00e9er le tout premier \u00e9v\u00e9nement queer du Mois de l\u2019histoire des Noirs.\u00a0Il a cr\u00e9\u00e9 une formation en comp\u00e9tences d\u2019anti-oppression pour personnes queer\u00a0et transsexuelles qui a \u00e9t\u00e9 remise \u00e0 des organismes, des entreprises et des \u00e9coles de la r\u00e9gion pour\u00a0les aider \u00e0 devenir plus inclusifs\u00a0et\u00a0\u00e9quitables.<\/span><span data-ccp-props=\"{&quot;335559739&quot;:200}\">\u00a0<\/span><\/p><p><span data-contrast=\"none\">En plus de son travail aupr\u00e8s de Fiert\u00e9 dans la Capitale,\u00a0Osmel\u00a0a beaucoup contribu\u00e9 \u00e0 la communaut\u00e9\u202f2SLGBTQ+\u202f: il a \u00e9t\u00e9 pr\u00e9sident de la campagne<\/span><a href=\"http:\/\/about:blank\/\"><span data-contrast=\"none\">\u00a0<\/span><\/a><a href=\"http:\/\/about:blank\/\"><span data-contrast=\"none\">Tous Le M\u00eame Sang<\/span><\/a><span data-contrast=\"none\">;\u00a0si\u00e9g\u00e9 au Conseil d\u2019administration en mati\u00e8re de diversit\u00e9 et d\u2019inclusion du<\/span><a href=\"http:\/\/about:blank\/\"><span data-contrast=\"none\">\u00a0<\/span><\/a><span data-contrast=\"none\">R\u00e9seau des festivals d\u2019Ottawa<\/span><span data-contrast=\"none\">;\u00a0\u00e9t\u00e9 directeur administratif de<\/span><a href=\"http:\/\/about:blank\/\"><span data-contrast=\"none\">\u00a0<\/span><\/a><a href=\"http:\/\/about:blank\/\"><span data-contrast=\"none\">QMUNITY<\/span><\/a><span data-contrast=\"none\">,\u00a0le centre de ressources pour personnes queer, transgenres et bispirituelles de la Colombie-Britannique;\u00a0et\u00a0directeur g\u00e9n\u00e9ral de\u00a0<\/span><a href=\"http:\/\/about:blank\/\"><span data-contrast=\"none\">Pride in Art Society Queer Arts Festival<\/span><\/a><span data-contrast=\"none\">.<\/span><span data-ccp-props=\"{&quot;335559739&quot;:200}\">\u00a0<\/span><\/p><p><span data-contrast=\"none\">En plus d\u2019avoir particip\u00e9 \u00e0 la s\u00e9rie num\u00e9rique\u00a0<\/span><span data-contrast=\"none\">Proud\u00a0to\u00a0Shine\u00a0de\u00a0CBC Ottawa<\/span><span data-contrast=\"none\">\u00a0en 2020,\u00a0Osmel\u00a0a partag\u00e9 son chemin vers la Fiert\u00e9\u00a0<\/span><span data-contrast=\"none\">dans un article de l\u2019Ottawa Citizen<\/span><span data-contrast=\"none\">.<\/span><span data-ccp-props=\"{&quot;335559739&quot;:200}\">\u00a0<\/span><\/p>\t\t\t\t\t\t<\/div>\n\t\t\t\t<\/div>\n\t\t\t\t\t<\/div>\n\t\t<\/div>\n\t\t\t\t\t\t\t<\/div>\n\t\t<\/section>\n\t\t\t\t<section class=\"elementor-section elementor-top-section elementor-element elementor-element-43696f3 elementor-section-boxed elementor-section-height-default elementor-section-height-default\" data-id=\"43696f3\" data-element_type=\"section\">\n\t\t\t\t\t\t<div class=\"elementor-container elementor-column-gap-default\">\n\t\t\t\t\t<div class=\"elementor-column elementor-col-100 elementor-top-column elementor-element elementor-element-95b3f84\" data-id=\"95b3f84\" data-element_type=\"column\">\n\t\t\t<div class=\"elementor-widget-wrap elementor-element-populated\">\n\t\t\t\t\t\t\t\t<div class=\"elementor-element elementor-element-3d4af5d elementor-widget elementor-widget-heading\" data-id=\"3d4af5d\" data-element_type=\"widget\" data-widget_type=\"heading.default\">\n\t\t\t\t<div class=\"elementor-widget-container\">\n\t\t\t<h2 class=\"elementor-heading-title elementor-size-default\">Pearly Pouponneau<\/h2>\t\t<\/div>\n\t\t\t\t<\/div>\n\t\t\t\t\t<\/div>\n\t\t<\/div>\n\t\t\t\t\t\t\t<\/div>\n\t\t<\/section>\n\t\t\t\t<section class=\"elementor-section elementor-top-section elementor-element elementor-element-8eacec6 elementor-section-boxed elementor-section-height-default elementor-section-height-default\" data-id=\"8eacec6\" data-element_type=\"section\">\n\t\t\t\t\t\t<div class=\"elementor-container elementor-column-gap-default\">\n\t\t\t\t\t<div class=\"elementor-column elementor-col-33 elementor-top-column elementor-element elementor-element-a13f3dd\" data-id=\"a13f3dd\" data-element_type=\"column\">\n\t\t\t<div class=\"elementor-widget-wrap elementor-element-populated\">\n\t\t\t\t\t\t\t\t<div class=\"elementor-element elementor-element-9ca233a elementor-widget elementor-widget-image\" data-id=\"9ca233a\" data-element_type=\"widget\" data-widget_type=\"image.default\">\n\t\t\t\t<div class=\"elementor-widget-container\">\n\t\t\t\t\t\t\t\t\t\t\t\t\t\t\t<img loading=\"lazy\" decoding=\"async\" width=\"573\" height=\"1024\" src=\"https:\/\/gennexteo.ca\/wp-content\/uploads\/2021\/08\/Pearly-Poupponeau-e1629991437160-573x1024.png\" class=\"attachment-large size-large wp-image-4818\" alt=\"\" srcset=\"https:\/\/gennexteo.ca\/wp-content\/uploads\/2021\/08\/Pearly-Poupponeau-e1629991437160-573x1024.png 573w, https:\/\/gennexteo.ca\/wp-content\/uploads\/2021\/08\/Pearly-Poupponeau-e1629991437160-168x300.png 168w, https:\/\/gennexteo.ca\/wp-content\/uploads\/2021\/08\/Pearly-Poupponeau-e1629991437160-768x1371.png 768w, https:\/\/gennexteo.ca\/wp-content\/uploads\/2021\/08\/Pearly-Poupponeau-e1629991437160-860x1536.png 860w, https:\/\/gennexteo.ca\/wp-content\/uploads\/2021\/08\/Pearly-Poupponeau-e1629991437160.png 1008w\" sizes=\"auto, (max-width: 573px) 100vw, 573px\" \/>\t\t\t\t\t\t\t\t\t\t\t\t\t\t\t<\/div>\n\t\t\t\t<\/div>\n\t\t\t\t\t<\/div>\n\t\t<\/div>\n\t\t\t\t<div class=\"elementor-column elementor-col-66 elementor-top-column elementor-element elementor-element-a6de051\" data-id=\"a6de051\" data-element_type=\"column\">\n\t\t\t<div class=\"elementor-widget-wrap elementor-element-populated\">\n\t\t\t\t\t\t\t\t<div class=\"elementor-element elementor-element-eb5925d elementor-widget elementor-widget-text-editor\" data-id=\"eb5925d\" data-element_type=\"widget\" data-widget_type=\"text-editor.default\">\n\t\t\t\t<div class=\"elementor-widget-container\">\n\t\t\t\t\t\t\t<p><span data-contrast=\"none\">Pearly\u202fPouponneau\u00a0travaille d\u2019arrache-pied dans la communaut\u00e9 et cr\u00e9e un contenu\u00a0qui inspire et met en\u00a0lumi\u00e8re\u00a0les groupes marginalis\u00e9s, soit les communaut\u00e9s autochtones, de couleur,\u00a02SLGBTQ+\u00a0ou un m\u00e9lange des trois.<\/span><span data-ccp-props=\"{&quot;335559739&quot;:200}\">\u00a0<\/span><\/p><p><span data-contrast=\"none\">Cette femme de couleur queer, provenant elle-m\u00eame d\u2019une communaut\u00e9 marginalis\u00e9e, a soulign\u00e9 des lacunes et \u00e9valu\u00e9 les besoins \u00e0 l\u2019\u00e9chelle communautaire. Elle donne voix aux communaut\u00e9s marginalis\u00e9es et les invite \u00e0 faire de leur communaut\u00e9 un endroit s\u00e9curitaire et inclusif pour tous.<\/span><span data-ccp-props=\"{&quot;335559739&quot;:200}\">\u00a0<\/span><\/p><p><span data-contrast=\"none\">Pearly\u00a0a constat\u00e9 un manque d\u2019espaces\u00a0de maternage inclusif et, selon la personne qui a soumis sa mise en candidature,\u00a0sa plus belle r\u00e9alisation est la cr\u00e9ation\u00a0organique de\u00a0<\/span><span data-contrast=\"none\">Colours\u00a0of Mama<\/span><span data-contrast=\"none\">, un groupe s\u00e9curitaire et inclusif qui permet aux m\u00e8res de couleur d\u2019\u00eatre vues, entendues et c\u00e9l\u00e9br\u00e9es.<\/span><span data-ccp-props=\"{&quot;335559739&quot;:200}\">\u00a0<\/span><\/p><p><span data-contrast=\"none\">Pearly\u00a0a\u00a0\u00e9t\u00e9 reconnue par de nombreux\u00a0organismes\u00a0sud-asiatiques\u00a0pour ses efforts visant \u00e0 mettre fin \u00e0 la\u00a0misogynie,\u00a0la violence et les pr\u00e9judices \u00e0 l\u2019encontre des personnes des groupes\u00a0WOC\u00a0et\u00a02SLGBTQ+\u00a0de la communaut\u00e9\u00a0sud-asiatique.\u00a0Elle a \u00e9galement \u00e9t\u00e9 reconnue \u00e0 titre de pionni\u00e8re\u00a0(<\/span><span data-contrast=\"none\">CBC Ottawa\u00a0Trailblazer)\u00a0<\/span><span data-contrast=\"none\">pour son groupe\u00a0Colours\u00a0of Mama. Elle a de plus particip\u00e9 \u00e0 divers groupes de discussion, comme les plus r\u00e9cents \u2013\u00a0<\/span><span data-contrast=\"none\">CBC Ottawa<\/span><span data-contrast=\"none\">\u00a0et\u00a0<\/span><span data-contrast=\"none\">Creative\u00a0Mornings\u00a0Ottawa<\/span><span data-contrast=\"none\">.<\/span><span data-ccp-props=\"{&quot;335559739&quot;:200}\">\u00a0<\/span><\/p><p><span data-contrast=\"none\">Pearly\u00a0continue\u00a0d\u2019encourager et de soutenir les membres de groupes marginalis\u00e9s avec\u00a0<\/span><span data-contrast=\"none\">The Diatribe Podcast<\/span><span data-contrast=\"none\">, la premi\u00e8re baladodiffusion pour la communaut\u00e9\u00a0sud-asiatique\u00a0qui aborde des sujets tabous et leur permet d\u2019apprendre, d\u2019ouvrir leurs esprits, de mettre en pratique l\u2019amour de soi\u00a0et d\u2019atteindre un \u00e9quilibre dans des endroits et \u00e0 des heures en particulier.\u00a0Sa baladodiffusion propose une gu\u00e9rison par le partage d\u2019histoires, et lui permet de continuer d\u2019encourager les gens et d\u2019accueillir ses pairs \u00e0 bras ouverts.<\/span><span data-ccp-props=\"{&quot;335559739&quot;:200}\">\u00a0<\/span><\/p>\t\t\t\t\t\t<\/div>\n\t\t\t\t<\/div>\n\t\t\t\t\t<\/div>\n\t\t<\/div>\n\t\t\t\t\t\t\t<\/div>\n\t\t<\/section>\n\t\t\t\t<section class=\"elementor-section elementor-top-section elementor-element elementor-element-0e65487 elementor-section-boxed elementor-section-height-default elementor-section-height-default\" data-id=\"0e65487\" data-element_type=\"section\">\n\t\t\t\t\t\t<div class=\"elementor-container elementor-column-gap-default\">\n\t\t\t\t\t<div class=\"elementor-column elementor-col-100 elementor-top-column elementor-element elementor-element-5a618df\" data-id=\"5a618df\" data-element_type=\"column\">\n\t\t\t<div class=\"elementor-widget-wrap elementor-element-populated\">\n\t\t\t\t\t\t\t\t<div class=\"elementor-element elementor-element-ca20253 elementor-widget elementor-widget-heading\" data-id=\"ca20253\" data-element_type=\"widget\" data-widget_type=\"heading.default\">\n\t\t\t\t<div class=\"elementor-widget-container\">\n\t\t\t<h2 class=\"elementor-heading-title elementor-size-default\">Ali Arbeau<\/h2>\t\t<\/div>\n\t\t\t\t<\/div>\n\t\t\t\t\t<\/div>\n\t\t<\/div>\n\t\t\t\t\t\t\t<\/div>\n\t\t<\/section>\n\t\t\t\t<section class=\"elementor-section elementor-top-section elementor-element elementor-element-b4b0d3b elementor-section-boxed elementor-section-height-default elementor-section-height-default\" data-id=\"b4b0d3b\" data-element_type=\"section\">\n\t\t\t\t\t\t<div class=\"elementor-container elementor-column-gap-default\">\n\t\t\t\t\t<div class=\"elementor-column elementor-col-66 elementor-top-column elementor-element elementor-element-06d8c8c\" data-id=\"06d8c8c\" data-element_type=\"column\">\n\t\t\t<div class=\"elementor-widget-wrap elementor-element-populated\">\n\t\t\t\t\t\t\t\t<div class=\"elementor-element elementor-element-019c616 elementor-widget elementor-widget-text-editor\" data-id=\"019c616\" data-element_type=\"widget\" data-widget_type=\"text-editor.default\">\n\t\t\t\t<div class=\"elementor-widget-container\">\n\t\t\t\t\t\t\t<p><span data-contrast=\"none\">Ali, une\u00a0instructrice\u00a0de yoga\u00a0certifi\u00e9e de 200\u202fheures, aime aider les autres \u00e0 se sentir bien dans leur peau et \u00e0 rencontrer les gens o\u00f9 ils sont. Elle estime que tout le monde, voire toutes\u00a0<\/span><i><span data-contrast=\"none\">les\u00a0silhouettes<\/span><\/i><span data-contrast=\"none\">, peut faire du yoga avec sa pratique ax\u00e9e sur l\u2019accessibilit\u00e9 et les bases.<\/span><span data-ccp-props=\"{&quot;335559739&quot;:120}\">\u00a0<\/span><\/p><p><span data-contrast=\"none\">En plus d\u2019offrir des cours en ligne,\u00a0Ali\u00a0passe beaucoup de temps au studio\u00a0<\/span><span data-contrast=\"none\">Warrior Yoga<\/span><span data-contrast=\"none\">, un organisme sans but lucratif international qui a pour but de rendre le yoga accessible \u00e0 tous.\u00a0L\u00e0-bas, elle est chef du\u00a0<\/span><span data-contrast=\"none\">Spectrum\u00a0Committee\u00a0(Comit\u00e9 Spectrum)<\/span><span data-contrast=\"none\">\u00a0servant la communaut\u00e9\u202f2SLGBTQ+\u00a0et du\u00a0<\/span><span data-contrast=\"none\">BIPOC\u00a0Committee\u00a0(Comit\u00e9 BIPOC)<\/span><span data-contrast=\"none\">,\u00a0elle si\u00e8ge au Conseil d\u2019administration et offre m\u00eame des ateliers.<\/span><span data-ccp-props=\"{&quot;335559739&quot;:120}\">\u00a0<\/span><\/p><p><span data-contrast=\"none\">Elle cherche \u00e0 cr\u00e9er un endroit s\u00e9curitaire et amusant o\u00f9 tout le monde peut faire du yoga et am\u00e9liorer leur pratique personnelle.\u00a0En plus d\u2019animer des activit\u00e9s pour les deux comit\u00e9s susmentionn\u00e9s, Ali\u00a0cr\u00e9e du contenu et des programmes (y compris un programme\u00a0sur la\u00a0diversit\u00e9 et\u00a0l\u2019inclusion pour les studios de yoga locaux) et collabore \u00e9troitement avec ses clients et ses partenaires.<\/span><span data-ccp-props=\"{&quot;335559739&quot;:120}\">\u00a0<\/span><\/p><p><span data-contrast=\"none\">Ali\u00a0partage des occasions d\u2019enseignement de yoga aupr\u00e8s de diverses communaut\u00e9s et encourage des organismes\u00a0ax\u00e9s sur les communaut\u00e9s\u202f2SLGBTQ+\u00a0et\u00a0BIPOC\u00a0de la r\u00e9gion \u00e0 s\u2019engager aupr\u00e8s du studio Warrior Yoga\u00a0et de consolider des partenariats\u00a0solides.<\/span><span data-ccp-props=\"{&quot;335559739&quot;:120}\">\u00a0<\/span><\/p>\t\t\t\t\t\t<\/div>\n\t\t\t\t<\/div>\n\t\t\t\t\t<\/div>\n\t\t<\/div>\n\t\t\t\t<div class=\"elementor-column elementor-col-33 elementor-top-column elementor-element elementor-element-62e410c\" data-id=\"62e410c\" data-element_type=\"column\">\n\t\t\t<div class=\"elementor-widget-wrap elementor-element-populated\">\n\t\t\t\t\t\t\t\t<div class=\"elementor-element elementor-element-9ff699f elementor-widget elementor-widget-image\" data-id=\"9ff699f\" data-element_type=\"widget\" data-widget_type=\"image.default\">\n\t\t\t\t<div class=\"elementor-widget-container\">\n\t\t\t\t\t\t\t\t\t\t\t\t\t\t\t<img loading=\"lazy\" decoding=\"async\" width=\"750\" height=\"1000\" src=\"https:\/\/gennexteo.ca\/wp-content\/uploads\/2021\/08\/Ali-Arbeau.jpg\" class=\"attachment-large size-large wp-image-4812\" alt=\"\" srcset=\"https:\/\/gennexteo.ca\/wp-content\/uploads\/2021\/08\/Ali-Arbeau.jpg 750w, https:\/\/gennexteo.ca\/wp-content\/uploads\/2021\/08\/Ali-Arbeau-225x300.jpg 225w\" sizes=\"auto, (max-width: 750px) 100vw, 750px\" \/>\t\t\t\t\t\t\t\t\t\t\t\t\t\t\t<\/div>\n\t\t\t\t<\/div>\n\t\t\t\t\t<\/div>\n\t\t<\/div>\n\t\t\t\t\t\t\t<\/div>\n\t\t<\/section>\n\t\t\t\t<section class=\"elementor-section elementor-top-section elementor-element elementor-element-36492d4 elementor-section-boxed elementor-section-height-default elementor-section-height-default\" data-id=\"36492d4\" data-element_type=\"section\">\n\t\t\t\t\t\t<div class=\"elementor-container elementor-column-gap-default\">\n\t\t\t\t\t<div class=\"elementor-column elementor-col-100 elementor-top-column elementor-element elementor-element-b82ac68\" data-id=\"b82ac68\" data-element_type=\"column\">\n\t\t\t<div class=\"elementor-widget-wrap elementor-element-populated\">\n\t\t\t\t\t\t\t\t<div class=\"elementor-element elementor-element-828b8ef elementor-widget elementor-widget-text-editor\" data-id=\"828b8ef\" data-element_type=\"widget\" data-widget_type=\"text-editor.default\">\n\t\t\t\t<div class=\"elementor-widget-container\">\n\t\t\t\t\t\t\t<p><span data-contrast=\"none\">Seulement quelques ann\u00e9es apr\u00e8s \u00eatre devenue\u00a0instructrice de\u00a0yoga, Ali a\u00a0cr\u00e9\u00e9\u00a0plusieurs\u00a0espaces et programmes de yoga et de conditionnement physique pour les communaut\u00e9s souvent sous-repr\u00e9sent\u00e9es dans l\u2019industrie.\u00a0Tout le monde peut participer \u00e0 ses classes, peu importe leur race, leur\u00a0silhouette, leur sexe ou leur orientation sexuelle.<\/span><span data-ccp-props=\"{&quot;335559739&quot;:120}\">\u00a0<\/span><\/p>\t\t\t\t\t\t<\/div>\n\t\t\t\t<\/div>\n\t\t\t\t\t<\/div>\n\t\t<\/div>\n\t\t\t\t\t\t\t<\/div>\n\t\t<\/section>\n\t\t\t\t<section class=\"elementor-section elementor-top-section elementor-element elementor-element-bb56913 elementor-section-boxed elementor-section-height-default elementor-section-height-default\" data-id=\"bb56913\" data-element_type=\"section\">\n\t\t\t\t\t\t<div class=\"elementor-container elementor-column-gap-default\">\n\t\t\t\t\t<div class=\"elementor-column elementor-col-100 elementor-top-column elementor-element elementor-element-6bce7aa\" data-id=\"6bce7aa\" data-element_type=\"column\">\n\t\t\t<div class=\"elementor-widget-wrap elementor-element-populated\">\n\t\t\t\t\t\t\t\t<div class=\"elementor-element elementor-element-4991e33 elementor-widget elementor-widget-heading\" data-id=\"4991e33\" data-element_type=\"widget\" data-widget_type=\"heading.default\">\n\t\t\t\t<div class=\"elementor-widget-container\">\n\t\t\t<h2 class=\"elementor-heading-title elementor-size-default\">Jenna and Kayla Spagnoli<\/h2>\t\t<\/div>\n\t\t\t\t<\/div>\n\t\t\t\t\t<\/div>\n\t\t<\/div>\n\t\t\t\t\t\t\t<\/div>\n\t\t<\/section>\n\t\t\t\t<section class=\"elementor-section elementor-top-section elementor-element elementor-element-058351a elementor-section-boxed elementor-section-height-default elementor-section-height-default\" data-id=\"058351a\" data-element_type=\"section\">\n\t\t\t\t\t\t<div class=\"elementor-container elementor-column-gap-default\">\n\t\t\t\t\t<div class=\"elementor-column elementor-col-33 elementor-top-column elementor-element elementor-element-1c5b570\" data-id=\"1c5b570\" data-element_type=\"column\">\n\t\t\t<div class=\"elementor-widget-wrap elementor-element-populated\">\n\t\t\t\t\t\t\t\t<div class=\"elementor-element elementor-element-5539629 elementor-widget elementor-widget-image\" data-id=\"5539629\" data-element_type=\"widget\" data-widget_type=\"image.default\">\n\t\t\t\t<div class=\"elementor-widget-container\">\n\t\t\t\t\t\t\t\t\t\t\t\t\t\t\t<img loading=\"lazy\" decoding=\"async\" width=\"800\" height=\"798\" src=\"https:\/\/gennexteo.ca\/wp-content\/uploads\/2021\/08\/Kayla-and-Jenna-Spagnoli-1024x1022.png\" class=\"attachment-large size-large wp-image-4814\" alt=\"\" srcset=\"https:\/\/gennexteo.ca\/wp-content\/uploads\/2021\/08\/Kayla-and-Jenna-Spagnoli-1024x1022.png 1024w, https:\/\/gennexteo.ca\/wp-content\/uploads\/2021\/08\/Kayla-and-Jenna-Spagnoli-300x300.png 300w, https:\/\/gennexteo.ca\/wp-content\/uploads\/2021\/08\/Kayla-and-Jenna-Spagnoli-150x150.png 150w, https:\/\/gennexteo.ca\/wp-content\/uploads\/2021\/08\/Kayla-and-Jenna-Spagnoli-768x766.png 768w, https:\/\/gennexteo.ca\/wp-content\/uploads\/2021\/08\/Kayla-and-Jenna-Spagnoli-1536x1533.png 1536w, https:\/\/gennexteo.ca\/wp-content\/uploads\/2021\/08\/Kayla-and-Jenna-Spagnoli.png 1804w\" sizes=\"auto, (max-width: 800px) 100vw, 800px\" \/>\t\t\t\t\t\t\t\t\t\t\t\t\t\t\t<\/div>\n\t\t\t\t<\/div>\n\t\t\t\t\t<\/div>\n\t\t<\/div>\n\t\t\t\t<div class=\"elementor-column elementor-col-66 elementor-top-column elementor-element elementor-element-da34552\" data-id=\"da34552\" data-element_type=\"column\">\n\t\t\t<div class=\"elementor-widget-wrap elementor-element-populated\">\n\t\t\t\t\t\t\t\t<div class=\"elementor-element elementor-element-52ca15b elementor-widget elementor-widget-text-editor\" data-id=\"52ca15b\" data-element_type=\"widget\" data-widget_type=\"text-editor.default\">\n\t\t\t\t<div class=\"elementor-widget-container\">\n\t\t\t\t\t\t\t<p><span data-contrast=\"none\">Kayla\u00a0et\u00a0Jenna\u202fSpagnoli\u00a0sont deux b\u00e2tisseuses communautaires locales, mieux connues\u00a0sous le pseudo\u00a0<\/span><span data-contrast=\"none\">The\u00a0Feminist\u00a0Twins<\/span><span data-contrast=\"none\">.<\/span><span data-ccp-props=\"{&quot;335559739&quot;:120}\">\u00a0<\/span><\/p><p><span data-contrast=\"none\">The\u00a0Feminist\u00a0Twins\u00a0cherche \u00e0 partager\u00a0des\u00a0ressources et\u00a0de l\u2019information, puis \u00e0 favoriser la collaboration communautaire.\u00a0Au d\u00e9but, les jumelles l\u2019ont fait virtuellement, par l\u2019entremise des m\u00e9dias sociaux, et gr\u00e2ce au soutien de leur communaut\u00e9, elles ont pu continuer de cr\u00e9er des \u00e9v\u00e9nements \u00ab\u2009en personne\u2009\u00bb et des espaces accueillants pour les communaut\u00e9s autochtones,\u00a0BIPOC, 2SLGBTQ+\u00a0et marginalis\u00e9es de notre r\u00e9gion.<\/span><span data-ccp-props=\"{&quot;335559739&quot;:120}\">\u00a0<\/span><\/p><p><span data-contrast=\"none\">Vous avez s\u00fbrement rencontr\u00e9 Jenna et\u00a0Kayla\u00a0lors de l\u2019un de leurs \u00e9v\u00e9nements accessibles et progressistes, comme les\u00a0<\/span><span data-contrast=\"none\">Feminist\u00a0Fairs\u00a0(Foires f\u00e9minines)<\/span><span data-contrast=\"none\">\u00a0annuelles;\u00a0les\u00a0<\/span><span data-contrast=\"none\">Non-Heteronormative\u00a0Valentine\u2019s\u00a0Craft\u00a0Nights\u00a0(Soir\u00e9es\u00a0de confection de cartes de St-Valentin non-h\u00e9t\u00e9ronormatives)<\/span><span data-contrast=\"none\">;\u00a0les soir\u00e9es de cr\u00e9ation d\u2019affiches ou de cartes en collaboration avec des groupes de\u00a0sensibilisation\u00a0\u2013 comme la\u00a0<\/span><span data-contrast=\"none\">Coalition d\u2019Ottawa\u00a0contre la violence faite aux femmes\u00a0(COCVFF)<\/span><span data-contrast=\"none\">\u00a0et\u00a0la\u00a0<\/span><span data-contrast=\"none\">Marche des femmes Ottawa<\/span><span data-contrast=\"none\">\u00a0\u2013 ou l\u2019un\u00a0de leurs ateliers de r\u00e9seautage ou\u00a0f\u00eates dansantes sobres.<\/span><span data-ccp-props=\"{&quot;335559739&quot;:120}\">\u00a0<\/span><\/p>\t\t\t\t\t\t<\/div>\n\t\t\t\t<\/div>\n\t\t\t\t\t<\/div>\n\t\t<\/div>\n\t\t\t\t\t\t\t<\/div>\n\t\t<\/section>\n\t\t\t\t<section class=\"elementor-section elementor-top-section elementor-element elementor-element-89b6961 elementor-section-boxed elementor-section-height-default elementor-section-height-default\" data-id=\"89b6961\" data-element_type=\"section\">\n\t\t\t\t\t\t<div class=\"elementor-container elementor-column-gap-default\">\n\t\t\t\t\t<div class=\"elementor-column elementor-col-100 elementor-top-column elementor-element elementor-element-33cb92c\" data-id=\"33cb92c\" data-element_type=\"column\">\n\t\t\t<div class=\"elementor-widget-wrap elementor-element-populated\">\n\t\t\t\t\t\t\t\t<div class=\"elementor-element elementor-element-c7640cf elementor-widget elementor-widget-text-editor\" data-id=\"c7640cf\" data-element_type=\"widget\" data-widget_type=\"text-editor.default\">\n\t\t\t\t<div class=\"elementor-widget-container\">\n\t\t\t\t\t\t\t<p><span data-contrast=\"none\">\u00c0 l\u2019arriv\u00e9e de la\u00a0COVID-19,\u00a0les jumelles ont collabor\u00e9 avec leur communaut\u00e9 pour\u00a0organiser\u00a0une foire communautaire et d\u2019artisanat virtuelle r\u00e9currente, intitul\u00e9e\u00a0<\/span><span data-contrast=\"none\">Pride, Not\u00a0Prejudice\u00a0Fair<\/span><span data-contrast=\"none\">, pour les\u00a0gens socialement engag\u00e9s.\u00a0La\u00a0foire, qui\u00a0met en lumi\u00e8re des cr\u00e9ateurs progressistes et marginalis\u00e9s, des ressources communautaires, a\u00a0pour but de b\u00e2tir une communaut\u00e9 par l\u2019entremise du partage de l\u2019artisanat, du soutien des artistes et de la diffusion de ressources.<\/span><span data-ccp-props=\"{&quot;335559739&quot;:120}\">\u00a0<\/span><\/p><p><span data-contrast=\"none\">En janvier\u00a02021, Jenna\u00a0et\u00a0Kayla\u00a0ont d\u00e9cid\u00e9 de prendre du recul\u00a0pour organiser leur derni\u00e8re rencontre virtuelle en l\u2019honneur de la Journ\u00e9e internationale des femmes. Cette rencontre \u00e9tait ax\u00e9e sur les soins communautaires et la distinction des f\u00e9ministes de notre r\u00e9gion.\u00a0M\u00eame si The\u00a0Feminist\u00a0Twins\u00a0n\u2019existe plus,\u00a0Kayla\u00a0et Jenna ont eu un effet positif au sein de leur communaut\u00e9 et continueront d\u2019inspirer les activistes et les d\u00e9fenseurs d\u2019int\u00e9r\u00eat dans le futur.<\/span><span data-ccp-props=\"{&quot;335559739&quot;:120}\">\u00a0<\/span><\/p>\t\t\t\t\t\t<\/div>\n\t\t\t\t<\/div>\n\t\t\t\t\t<\/div>\n\t\t<\/div>\n\t\t\t\t\t\t\t<\/div>\n\t\t<\/section>\n\t\t\t\t<section class=\"elementor-section elementor-top-section elementor-element elementor-element-226e4bf elementor-section-boxed elementor-section-height-default elementor-section-height-default\" data-id=\"226e4bf\" data-element_type=\"section\">\n\t\t\t\t\t\t<div class=\"elementor-container elementor-column-gap-default\">\n\t\t\t\t\t<div class=\"elementor-column elementor-col-100 elementor-top-column elementor-element elementor-element-bf9aee6\" data-id=\"bf9aee6\" data-element_type=\"column\">\n\t\t\t<div class=\"elementor-widget-wrap elementor-element-populated\">\n\t\t\t\t\t\t\t\t<div class=\"elementor-element elementor-element-28eff76 elementor-widget-divider--view-line elementor-widget elementor-widget-divider\" data-id=\"28eff76\" data-element_type=\"widget\" data-widget_type=\"divider.default\">\n\t\t\t\t<div class=\"elementor-widget-container\">\n\t\t\t\t\t<div class=\"elementor-divider\">\n\t\t\t<span class=\"elementor-divider-separator\">\n\t\t\t\t\t\t<\/span>\n\t\t<\/div>\n\t\t\t\t<\/div>\n\t\t\t\t<\/div>\n\t\t\t\t\t<\/div>\n\t\t<\/div>\n\t\t\t\t\t\t\t<\/div>\n\t\t<\/section>\n\t\t\t\t<section class=\"elementor-section elementor-top-section elementor-element elementor-element-ae95d0b elementor-section-boxed elementor-section-height-default elementor-section-height-default\" data-id=\"ae95d0b\" data-element_type=\"section\">\n\t\t\t\t\t\t<div class=\"elementor-container elementor-column-gap-default\">\n\t\t\t\t\t<div class=\"elementor-column elementor-col-100 elementor-top-column elementor-element elementor-element-709d143\" data-id=\"709d143\" data-element_type=\"column\">\n\t\t\t<div class=\"elementor-widget-wrap elementor-element-populated\">\n\t\t\t\t\t\t\t\t<div class=\"elementor-element elementor-element-acf4a6e elementor-widget elementor-widget-text-editor\" data-id=\"acf4a6e\" data-element_type=\"widget\" data-widget_type=\"text-editor.default\">\n\t\t\t\t<div class=\"elementor-widget-container\">\n\t\t\t\t\t\t\t<p><em><span class=\"TextRun SCXW152594146 BCX0\" lang=\"FR-CA\" xml:lang=\"FR-CA\" data-contrast=\"none\"><span class=\"NormalTextRun SCXW152594146 BCX0\">Bien que nous ignorions le moment auquel nous pourrons nous r\u00e9unir devant les Murs de l\u2019inspiration de notre r\u00e9gion, nous nous r\u00e9jouissons \u00e0 l\u2019id\u00e9e d\u2019y ajouter le nom de ces b\u00e2tisseurs communautaires dans le futur<\/span><span class=\"NormalTextRun SCXW152594146 BCX0\">.<\/span><\/span><span class=\"EOP SCXW152594146 BCX0\" data-ccp-props=\"{&quot;335559739&quot;:120}\">\u00a0<\/span><\/em><\/p>\t\t\t\t\t\t<\/div>\n\t\t\t\t<\/div>\n\t\t\t\t\t<\/div>\n\t\t<\/div>\n\t\t\t\t\t\t\t<\/div>\n\t\t<\/section>\n\t\t\t\t\t\t\t<\/div>\n\t\t","protected":false},"excerpt":{"rendered":"<p>Apprenez \u00e0 conna\u00eetre les plus r\u00e9cents laur\u00e9ats du Prix de b\u00e2tisseurs communautaires de Centraide de l\u2019Est de l\u2019Ontario\u202f: Osmel\u202fGuerra\u202fMaynes, Pearly\u202fPouponneau, Ali\u202fArbeau, ainsi que Kayla et Jenna Spagnoli. <\/p>\n","protected":false},"featured_media":4829,"parent":0,"menu_order":0,"template":"","format":"standard","tags":[],"class_list":["post-4826","news","type-news","status-publish","format-standard","has-post-thumbnail","hentry"],"acf":[],"aioseo_notices":[],"_links":{"self":[{"href":"https:\/\/gennexteo.ca\/fr\/wp-json\/wp\/v2\/news\/4826","targetHints":{"allow":["GET"]}}],"collection":[{"href":"https:\/\/gennexteo.ca\/fr\/wp-json\/wp\/v2\/news"}],"about":[{"href":"https:\/\/gennexteo.ca\/fr\/wp-json\/wp\/v2\/types\/news"}],"version-history":[{"count":9,"href":"https:\/\/gennexteo.ca\/fr\/wp-json\/wp\/v2\/news\/4826\/revisions"}],"predecessor-version":[{"id":4859,"href":"https:\/\/gennexteo.ca\/fr\/wp-json\/wp\/v2\/news\/4826\/revisions\/4859"}],"wp:featuredmedia":[{"embeddable":true,"href":"https:\/\/gennexteo.ca\/fr\/wp-json\/wp\/v2\/media\/4829"}],"wp:attachment":[{"href":"https:\/\/gennexteo.ca\/fr\/wp-json\/wp\/v2\/media?parent=4826"}],"wp:term":[{"taxonomy":"post_tag","embeddable":true,"href":"https:\/\/gennexteo.ca\/fr\/wp-json\/wp\/v2\/tags?post=4826"}],"curies":[{"name":"wp","href":"https:\/\/api.w.org\/{rel}","templated":true}]}}