{"id":7855,"date":"2022-03-31T14:52:05","date_gmt":"2022-03-31T18:52:05","guid":{"rendered":"https:\/\/gennexteo.ca\/?post_type=news&#038;p=7855"},"modified":"2022-03-31T14:55:25","modified_gmt":"2022-03-31T18:55:25","slug":"des-occasions-demploi-plus-durables-pour-les-jeunes-locaux","status":"publish","type":"news","link":"https:\/\/gennexteo.ca\/fr\/nouvelles-et-histoires\/des-occasions-demploi-plus-durables-pour-les-jeunes-locaux\/","title":{"rendered":"Des occasions d\u2019emploi plus durables pour les jeunes locaux"},"content":{"rendered":"\t\t<div data-elementor-type=\"wp-post\" data-elementor-id=\"7855\" class=\"elementor elementor-7855 elementor-7807\" data-elementor-post-type=\"news\">\n\t\t\t\t\t\t\t\t\t<section class=\"elementor-section elementor-top-section elementor-element elementor-element-4e75445a elementor-section-boxed elementor-section-height-default elementor-section-height-default\" data-id=\"4e75445a\" data-element_type=\"section\">\n\t\t\t\t\t\t<div class=\"elementor-container elementor-column-gap-default\">\n\t\t\t\t\t<div class=\"elementor-column elementor-col-100 elementor-top-column elementor-element elementor-element-2a285d5c\" data-id=\"2a285d5c\" data-element_type=\"column\">\n\t\t\t<div class=\"elementor-widget-wrap elementor-element-populated\">\n\t\t\t\t\t\t\t\t<div class=\"elementor-element elementor-element-359a8236 elementor-widget elementor-widget-text-editor\" data-id=\"359a8236\" data-element_type=\"widget\" data-widget_type=\"text-editor.default\">\n\t\t\t\t<div class=\"elementor-widget-container\">\n\t\t\t\t\t\t\t<p><span data-contrast=\"auto\">Nous constatons une hausse des niveaux de s\u00e9curit\u00e9 et d\u2019ind\u00e9pendance financi\u00e8res chez les jeunes lorsqu\u2019ils ont acc\u00e8s \u00e0 des services de soutien en mati\u00e8re d\u2019emploi et qu\u2019ils s\u2019adonnent \u00e0 une profession. Ils sont aussi mieux \u00e9quip\u00e9s pour d\u00e9velopper des r\u00e9seaux qui assureront leur r\u00e9ussite \u00e9conomique, professionnelle et sociale \u00e0 long terme. \u202f<\/span><span data-ccp-props=\"{&quot;134233117&quot;:true,&quot;134233118&quot;:true,&quot;201341983&quot;:0,&quot;335559740&quot;:240}\">\u00a0<\/span><\/p><p><span data-contrast=\"auto\">Sans acc\u00e8s aux services de soutien, ces jeunes sont plus susceptibles d\u2019occuper un emploi pr\u00e9caire; ils pourraient d\u00e9crocher un emploi \u00e0 faible revenu ou devoir tirer parti d\u2019autres programmes de subvention pour assurer leur s\u00e9curit\u00e9 financi\u00e8re. \u202f<\/span><span data-ccp-props=\"{&quot;134233117&quot;:true,&quot;134233118&quot;:true,&quot;201341983&quot;:0,&quot;335559740&quot;:240}\">\u00a0<\/span><\/p><p><b><span data-contrast=\"auto\">\u00c0 mesure que nous envisageons une reprise \u00e9conomique postpand\u00e9mique \u00e9quitable, nous devons mieux comprendre les obstacles et les circonstances de lieux particuliers qui affectent les taux d\u2019obtention d\u2019un emploi chez les jeunes de l\u2019est de l\u2019Ontario, notamment ceux des jeunes sous-repr\u00e9sent\u00e9s issus de communaut\u00e9s marginalis\u00e9es.\u00a0<\/span><\/b><span data-contrast=\"auto\">\u202f<\/span><span data-ccp-props=\"{&quot;134233117&quot;:true,&quot;134233118&quot;:true,&quot;201341983&quot;:0,&quot;335559740&quot;:240}\">\u00a0<\/span><\/p><p><span data-contrast=\"auto\"><a href=\"https:\/\/www.unitedwayeo.ca\/wp-content\/uploads\/2022\/03\/UWEO-Environmental-Scan-Document-FR.pdf\" target=\"_blank\" rel=\"noopener\">Le dernier rapport de Centraide de l&rsquo;Est de l&rsquo;Ontario<\/a> se penche sur ces enjeux et les solutions potentielles que nous pourrions adopter \u00e0 mesure que nous am\u00e9liorons les occasions d\u2019emploi pour les jeunes et que nous rendons l\u2019employabilit\u00e9 plus \u00e9quitable.\u202f\u202f<\/span><span data-ccp-props=\"{&quot;134233117&quot;:true,&quot;134233118&quot;:true,&quot;201341983&quot;:0,&quot;335559740&quot;:240}\">\u00a0<\/span><\/p><h3><b><span data-contrast=\"none\">Cr\u00e9ation d\u2019un meilleur avenir : enjeux cl\u00e9s<\/span><\/b><span data-ccp-props=\"{&quot;134233117&quot;:true,&quot;134233118&quot;:true,&quot;201341983&quot;:0,&quot;335559740&quot;:240}\">\u00a0<\/span><\/h3><p><span data-contrast=\"auto\">Les jeunes de nos quartiers font face \u00e0 un taux de ch\u00f4mage croissant, \u00e0 des occasions d\u2019emploi pr\u00e9caires (dans les domaines du d\u00e9tail, de la restauration, du tourisme et de l\u2019accueil) et \u00e0 la pand\u00e9mie, qui les emp\u00eachent d\u2019obtenir un emploi. \u202f<\/span><span data-ccp-props=\"{&quot;134233117&quot;:true,&quot;134233118&quot;:true,&quot;201341983&quot;:0,&quot;335559740&quot;:240}\">\u00a0<\/span><\/p><p><span data-contrast=\"auto\">Le rapport a pour but de mettre en \u00e9vidence les obstacles \u00e0 l\u2019emploi auxquels les jeunes de l\u2019est de l\u2019Ontario font face et de comprendre les caract\u00e9ristiques communes et les nuances en fonction de l\u2019emplacement.\u00a0<\/span><span data-ccp-props=\"{&quot;134233117&quot;:true,&quot;134233118&quot;:true,&quot;201341983&quot;:0,&quot;335559740&quot;:240}\">\u00a0<\/span><\/p><p><span data-contrast=\"auto\">\u202f<\/span><span data-contrast=\"auto\">Ce rapport \u2013 \u00e0 mesure que nos partenaires communautaires se penchent sur les financements \u00e0 venir et la cr\u00e9ation de strat\u00e9gies visant \u00e0 b\u00e2tir une reprise \u00e9conomique \u00e9quitable apr\u00e8s la pand\u00e9mie \u2013 met en \u00e9vidence les incidences favorables et aide \u00e0 identifier les secteurs de collaboration lorsque vient le temps de cibler des enjeux en particulier, notamment ceux li\u00e9s \u00e0 l\u2019infrastructure. \u202f<\/span><span data-ccp-props=\"{&quot;134233117&quot;:true,&quot;134233118&quot;:true,&quot;201341983&quot;:0,&quot;335559740&quot;:240}\">\u00a0<\/span><\/p><p><span data-contrast=\"auto\">Nous avons entam\u00e9 notre discussion sur le ch\u00f4mage chez les jeunes en en apprenant davantage sur les donn\u00e9es d\u00e9mographiques des communaut\u00e9s. Celles-ci ont sp\u00e9cifiquement r\u00e9v\u00e9l\u00e9 que le ch\u00f4mage chez les jeunes constitue une pr\u00e9occupation de longue date dans les communaut\u00e9s de l\u2019est de l\u2019Ontario.\u00a0<\/span><span data-ccp-props=\"{&quot;134233117&quot;:true,&quot;134233118&quot;:true,&quot;201341983&quot;:0,&quot;335559740&quot;:240}\">\u00a0<\/span><\/p>\t\t\t\t\t\t<\/div>\n\t\t\t\t<\/div>\n\t\t\t\t\t<\/div>\n\t\t<\/div>\n\t\t\t\t\t\t\t<\/div>\n\t\t<\/section>\n\t\t\t\t<section class=\"elementor-section elementor-top-section elementor-element elementor-element-ea787e7 elementor-section-boxed elementor-section-height-default elementor-section-height-default\" data-id=\"ea787e7\" data-element_type=\"section\">\n\t\t\t\t\t\t<div class=\"elementor-container elementor-column-gap-default\">\n\t\t\t\t\t<div class=\"elementor-column elementor-col-33 elementor-top-column elementor-element elementor-element-835a970\" data-id=\"835a970\" data-element_type=\"column\">\n\t\t\t<div class=\"elementor-widget-wrap elementor-element-populated\">\n\t\t\t\t\t\t\t\t<div class=\"elementor-element elementor-element-37b2bad elementor-blockquote--skin-border elementor-blockquote--button-view-icon-text elementor-blockquote--button-skin-classic elementor-blockquote--button-color-official elementor-widget elementor-widget-blockquote\" data-id=\"37b2bad\" data-element_type=\"widget\" data-widget_type=\"blockquote.default\">\n\t\t\t\t<div class=\"elementor-widget-container\">\n\t\t\t\t\t<blockquote class=\"elementor-blockquote\">\n\t\t\t<p class=\"elementor-blockquote__content\">\n\t\t\t\tSelon le recensement de 2016, le taux de ch\u00f4mage chez les jeunes \u00e2g\u00e9es de 15 \u00e0 24 ans \u00e9tait le triple de celui des personnes \u00e2g\u00e9es de 25 \u00e0 64 ans. \t\t\t<\/p>\n\t\t\t\t\t\t\t<div class=\"e-q-footer\">\n\t\t\t\t\t\t\t\t\t\t\t\t\t\t\t\t<a href=\"https:\/\/twitter.com\/intent\/tweet?text=Selon+le+recensement+de+2016%2C+le+taux+de+ch%C3%B4mage+chez+les+jeunes+%C3%A2g%C3%A9es+de+15+%C3%A0+24+ans+%C3%A9tait+le+triple+de+celui+des+personnes+%C3%A2g%C3%A9es+de+25+%C3%A0+64+ans.+&amp;url=https%3A%2F%2Fgennexteo.ca%2Ffr%2F%2Ffr%2Fwp-json%2Fwp%2Fv2%2Fnews%2F7855\" class=\"elementor-blockquote__tweet-button\" target=\"_blank\">\n\t\t\t\t\t\t\t\t\t\t\t\t\t\t\t<i aria-hidden=\"true\" class=\"fab fa-twitter\"><\/i>\t\t\t\t\t\t\t\t\t\t\t\t\t\t\t\t\t\t\t\t\t\t\t\t\t\t\t\t\t\t<span class=\"elementor-blockquote__tweet-label\">Tweet<\/span>\n\t\t\t\t\t\t\t\t\t\t\t\t\t<\/a>\n\t\t\t\t\t\t\t\t\t<\/div>\n\t\t\t\t\t<\/blockquote>\n\t\t\t\t<\/div>\n\t\t\t\t<\/div>\n\t\t\t\t\t<\/div>\n\t\t<\/div>\n\t\t\t\t<div class=\"elementor-column elementor-col-66 elementor-top-column elementor-element elementor-element-2003149\" data-id=\"2003149\" data-element_type=\"column\">\n\t\t\t<div class=\"elementor-widget-wrap elementor-element-populated\">\n\t\t\t\t\t\t\t\t<div class=\"elementor-element elementor-element-dc74ad4 elementor-widget elementor-widget-text-editor\" data-id=\"dc74ad4\" data-element_type=\"widget\" data-widget_type=\"text-editor.default\">\n\t\t\t\t<div class=\"elementor-widget-container\">\n\t\t\t\t\t\t\t<p><span data-contrast=\"auto\">Le recensement a \u00e9galement indiqu\u00e9 que les jeunes travailleurs et travailleuses \u00e9taient plus susceptibles que leurs pairs plus \u00e2g\u00e9s de d\u00e9crocher un emploi \u00e0 temps partiel instable qui n\u2019offre pas d\u2019avantages sociaux, notamment dans les secteurs du d\u00e9tail, de la restauration et de l\u2019hospitalit\u00e9.<\/span><\/p><p><span data-contrast=\"auto\">La pand\u00e9mie a encore plus affect\u00e9 l\u2019employabilit\u00e9 des jeunes marginalis\u00e9s, et ces jeunes travailleurs, pris entre l\u2019arbre et l\u2019\u00e9corce, doivent porter le lourd fardeau du travail de premi\u00e8re ligne et subir les cons\u00e9quences \u00e9conomiques li\u00e9es aux pertes de salaires et aux pertes d\u2019emploi. Ces derni\u00e8res sont partiellement dues aux nombreuses fermetures en mati\u00e8re de sant\u00e9 publique et \u00e0 une diminution des revenus aux taux de r\u00e9cup\u00e9ration infl\u00e9chis comparativement \u00e0 ce qui a \u00e9t\u00e9 constat\u00e9 aupr\u00e8s de leurs pairs plus \u00e2g\u00e9s.\u202f<\/span><span data-ccp-props=\"{&quot;134233117&quot;:true,&quot;134233118&quot;:true,&quot;201341983&quot;:0,&quot;335559740&quot;:240}\">\u00a0<\/span><\/p>\t\t\t\t\t\t<\/div>\n\t\t\t\t<\/div>\n\t\t\t\t\t<\/div>\n\t\t<\/div>\n\t\t\t\t\t\t\t<\/div>\n\t\t<\/section>\n\t\t\t\t<section class=\"elementor-section elementor-top-section elementor-element elementor-element-ca272e5 elementor-section-boxed elementor-section-height-default elementor-section-height-default\" data-id=\"ca272e5\" data-element_type=\"section\">\n\t\t\t\t\t\t<div class=\"elementor-container elementor-column-gap-default\">\n\t\t\t\t\t<div class=\"elementor-column elementor-col-66 elementor-top-column elementor-element elementor-element-c3b6690\" data-id=\"c3b6690\" data-element_type=\"column\">\n\t\t\t<div class=\"elementor-widget-wrap elementor-element-populated\">\n\t\t\t\t\t\t\t\t<div class=\"elementor-element elementor-element-063fdf4 elementor-widget elementor-widget-text-editor\" data-id=\"063fdf4\" data-element_type=\"widget\" data-widget_type=\"text-editor.default\">\n\t\t\t\t<div class=\"elementor-widget-container\">\n\t\t\t\t\t\t\t<h3><b><span data-contrast=\"none\">Que pouvons-nous faire?<\/span><\/b><span data-contrast=\"none\">\u202f<\/span><span data-ccp-props=\"{&quot;134233117&quot;:true,&quot;134233118&quot;:true,&quot;201341983&quot;:0,&quot;335559740&quot;:240}\">\u00a0<\/span><\/h3><p><span data-contrast=\"auto\">Une reprise \u00e9conomique \u00e9quitable et r\u00e9ussie postpand\u00e9mie \u2013 qui am\u00e9liorera les occasions d\u2019emploi chez les jeunes \u2013 s\u2019appuiera de services de soutien am\u00e9lior\u00e9s (sociaux, \u00e9ducatifs, financiers, etc.) et de structures \u00e0 l\u2019appui des jeunes de nos communaut\u00e9s. \u202f<\/span><span data-ccp-props=\"{&quot;134233117&quot;:true,&quot;134233118&quot;:true,&quot;201341983&quot;:0,&quot;335559740&quot;:240}\">\u00a0<\/span><\/p><p><span data-contrast=\"auto\">Elle n\u00e9cessitera \u00e9galement le soutien d\u2019\u00e9ducateurs et \u00e9ducatrices, de chercheurs et chercheuses d\u2019emploi, de fournisseurs de services et d\u2019employeurs pour faire en sorte que les jeunes aient les outils, les connaissances, les comp\u00e9tences et les occasions n\u00e9cessaires \u00e0 leur r\u00e9ussite dans les march\u00e9s locaux du travail et dans leur avenir professionnel. Il sera \u00e9galement n\u00e9cessaire de mieux comprendre les jeunes marginalis\u00e9s et leurs exp\u00e9riences diversifi\u00e9es. \u202f<\/span><span data-ccp-props=\"{&quot;134233117&quot;:true,&quot;134233118&quot;:true,&quot;201341983&quot;:0,&quot;335559740&quot;:240}\">\u00a0<\/span><\/p>\t\t\t\t\t\t<\/div>\n\t\t\t\t<\/div>\n\t\t\t\t\t<\/div>\n\t\t<\/div>\n\t\t\t\t<div class=\"elementor-column elementor-col-33 elementor-top-column elementor-element elementor-element-7f73c2e\" data-id=\"7f73c2e\" data-element_type=\"column\">\n\t\t\t<div class=\"elementor-widget-wrap elementor-element-populated\">\n\t\t\t\t\t\t\t\t<div class=\"elementor-element elementor-element-4c04795 elementor-widget elementor-widget-image\" data-id=\"4c04795\" data-element_type=\"widget\" data-widget_type=\"image.default\">\n\t\t\t\t<div class=\"elementor-widget-container\">\n\t\t\t\t\t\t\t\t\t\t\t\t\t\t\t<img loading=\"lazy\" decoding=\"async\" width=\"501\" height=\"401\" src=\"https:\/\/gennexteo.ca\/wp-content\/uploads\/2022\/03\/UWEO-Blog-YouthScan_spotimg.jpg\" class=\"attachment-large size-large wp-image-7838\" alt=\"\" srcset=\"https:\/\/gennexteo.ca\/wp-content\/uploads\/2022\/03\/UWEO-Blog-YouthScan_spotimg.jpg 501w, https:\/\/gennexteo.ca\/wp-content\/uploads\/2022\/03\/UWEO-Blog-YouthScan_spotimg-300x240.jpg 300w\" sizes=\"auto, (max-width: 501px) 100vw, 501px\" \/>\t\t\t\t\t\t\t\t\t\t\t\t\t\t\t<\/div>\n\t\t\t\t<\/div>\n\t\t\t\t\t<\/div>\n\t\t<\/div>\n\t\t\t\t\t\t\t<\/div>\n\t\t<\/section>\n\t\t\t\t<section class=\"elementor-section elementor-top-section elementor-element elementor-element-9ae70ed elementor-section-boxed elementor-section-height-default elementor-section-height-default\" data-id=\"9ae70ed\" data-element_type=\"section\">\n\t\t\t\t\t\t<div class=\"elementor-container elementor-column-gap-default\">\n\t\t\t\t\t<div class=\"elementor-column elementor-col-100 elementor-top-column elementor-element elementor-element-9f815d6\" data-id=\"9f815d6\" data-element_type=\"column\">\n\t\t\t<div class=\"elementor-widget-wrap elementor-element-populated\">\n\t\t\t\t\t\t\t\t<div class=\"elementor-element elementor-element-8beef96 elementor-widget elementor-widget-text-editor\" data-id=\"8beef96\" data-element_type=\"widget\" data-widget_type=\"text-editor.default\">\n\t\t\t\t<div class=\"elementor-widget-container\">\n\t\t\t\t\t\t\t<p><span data-contrast=\"auto\">C\u2019est pourquoi il est important d\u2019adresser l\u2019employabilit\u00e9, non seulement du point de vue du ch\u00f4mage chez les jeunes (vastes donn\u00e9es d\u00e9mographiques), mais aussi des fa\u00e7ons d\u2019am\u00e9liorer les occasions, l\u2019acc\u00e8s et les r\u00e9sultats en mati\u00e8re d\u2019emploi pour les jeunes autochtones, handicap\u00e9s, nouvellement arriv\u00e9s au pays et racialis\u00e9s, y compris les jeunes des communaut\u00e9s noire et 2SLGBTQ+.\u202f<\/span><span data-ccp-props=\"{&quot;134233117&quot;:true,&quot;134233118&quot;:true,&quot;201341983&quot;:0,&quot;335559740&quot;:240}\">\u00a0<\/span><\/p>\t\t\t\t\t\t<\/div>\n\t\t\t\t<\/div>\n\t\t\t\t<div class=\"elementor-element elementor-element-6724759 elementor-widget elementor-widget-heading\" data-id=\"6724759\" data-element_type=\"widget\" data-widget_type=\"heading.default\">\n\t\t\t\t<div class=\"elementor-widget-container\">\n\t\t\t<h3 class=\"elementor-heading-title elementor-size-default\">Quels sont les obstacles en mati\u00e8re d\u2019emploi auxquels les jeunes de l\u2019est de l\u2019Ontario doivent faire face?\u202f<\/h3>\t\t<\/div>\n\t\t\t\t<\/div>\n\t\t\t\t\t<\/div>\n\t\t<\/div>\n\t\t\t\t\t\t\t<\/div>\n\t\t<\/section>\n\t\t\t\t<section class=\"elementor-section elementor-top-section elementor-element elementor-element-0366f7d elementor-section-boxed elementor-section-height-default elementor-section-height-default\" data-id=\"0366f7d\" data-element_type=\"section\">\n\t\t\t\t\t\t<div class=\"elementor-container elementor-column-gap-default\">\n\t\t\t\t\t<div class=\"elementor-column elementor-col-33 elementor-top-column elementor-element elementor-element-b2ea6ab\" data-id=\"b2ea6ab\" data-element_type=\"column\">\n\t\t\t<div class=\"elementor-widget-wrap elementor-element-populated\">\n\t\t\t\t\t\t\t\t<div class=\"elementor-element elementor-element-5a9b4df elementor-widget elementor-widget-text-editor\" data-id=\"5a9b4df\" data-element_type=\"widget\" data-widget_type=\"text-editor.default\">\n\t\t\t\t<div class=\"elementor-widget-container\">\n\t\t\t\t\t\t\t<p><span data-contrast=\"auto\">Les jeunes font face \u00e0 diff\u00e9rents d\u00e9fis ou obstacles en mati\u00e8re d\u2019emploi \u00e9quitable, comme l\u2019absence de moyens de transport, l\u2019acc\u00e8s limit\u00e9 aux \u00e9tudes postsecondaires et aux services de soutien, ainsi que les obstacles linguistiques.\u202f\u202f<\/span><span data-ccp-props=\"{&quot;134233117&quot;:true,&quot;134233118&quot;:true,&quot;201341983&quot;:0,&quot;335559740&quot;:240}\">\u00a0<\/span><\/p><p><span data-contrast=\"auto\">Ces d\u00e9fis nous affectent tous diff\u00e9remment, en fonction de notre identit\u00e9 ou de l\u2019endroit o\u00f9 nous vivons. La plupart de ces obstacles ne sont pas uniques \u00e0 l\u2019est de l\u2019Ontario, mais il est important de comprendre les nuances des communaut\u00e9s que nous soutenons. \u202f<\/span><span data-ccp-props=\"{&quot;134233117&quot;:true,&quot;134233118&quot;:true,&quot;201341983&quot;:0,&quot;335559740&quot;:240}\">\u00a0<\/span><\/p>\t\t\t\t\t\t<\/div>\n\t\t\t\t<\/div>\n\t\t\t\t\t<\/div>\n\t\t<\/div>\n\t\t\t\t<div class=\"elementor-column elementor-col-66 elementor-top-column elementor-element elementor-element-dc8bf0d\" data-id=\"dc8bf0d\" data-element_type=\"column\">\n\t\t\t<div class=\"elementor-widget-wrap elementor-element-populated\">\n\t\t\t\t\t\t\t\t<div class=\"elementor-element elementor-element-4c57457 elementor-widget elementor-widget-text-editor\" data-id=\"4c57457\" data-element_type=\"widget\" data-widget_type=\"text-editor.default\">\n\t\t\t\t<div class=\"elementor-widget-container\">\n\t\t\t\t\t\t\t<h5>Voici certains des principaux obstacles cern\u00e9s:\u202f<\/h5><ul><li data-leveltext=\"\uf0b7\" data-font=\"Symbol\" data-listid=\"3\" aria-setsize=\"-1\" data-aria-posinset=\"1\" data-aria-level=\"1\"><span data-contrast=\"auto\">l\u2019absence de programmes d\u2019\u00e9tudes postsecondaires ou le manque d\u2019acc\u00e8s aux services de soutien \u00e9ducatifs et professionnels qui favorisent les occasions d\u2019emploi postuniversitaires;\u202f<\/span><span data-ccp-props=\"{\">\u00a0<\/span><\/li><li data-leveltext=\"\uf0b7\" data-font=\"Symbol\" data-listid=\"3\" aria-setsize=\"-1\" data-aria-posinset=\"1\" data-aria-level=\"1\"><span data-contrast=\"auto\">l\u2019absence d\u2019un sentiment d\u2019appartenance en milieu de travail lors de l\u2019int\u00e9gration;\u202f<\/span><span data-ccp-props=\"{\">\u00a0<\/span><\/li><li data-leveltext=\"\uf0b7\" data-font=\"Symbol\" data-listid=\"3\" aria-setsize=\"-1\" data-aria-posinset=\"1\" data-aria-level=\"1\"><span data-contrast=\"auto\">l\u2019absence de services accessibles, tant physiquement qu\u2019autrement (port\u00e9e culturelle, abordabilit\u00e9 ou absence compl\u00e8te \u2013 comme les services de transport en communaut\u00e9s rurales, etc.);\u202f<\/span><span data-ccp-props=\"{\">\u00a0<\/span><\/li><li data-leveltext=\"\uf0b7\" data-font=\"Symbol\" data-listid=\"3\" aria-setsize=\"-1\" data-aria-posinset=\"1\" data-aria-level=\"1\"><span data-contrast=\"auto\">l\u2019absence de capital social et de litt\u00e9ratie en mati\u00e8re d\u2019emploi (acc\u00e8s \u00e0 des r\u00e9seaux interpersonnels et des services de soutien pour des entrevues ou la cr\u00e9ation de curriculum vitae);\u202f\u202f<\/span><span data-ccp-props=\"{\">\u00a0<\/span><\/li><li data-leveltext=\"\uf0b7\" data-font=\"Symbol\" data-listid=\"3\" aria-setsize=\"-1\" data-aria-posinset=\"1\" data-aria-level=\"1\"><span data-contrast=\"auto\">les obstacles en mati\u00e8re d\u2019infrastructure (transport, Wi-Fi\/acc\u00e8s \u00e0 large bande universel dans les communaut\u00e9s rurales comparativement aux communaut\u00e9s urbaines, etc.);\u202f<\/span><span data-ccp-props=\"{\">\u00a0<\/span><\/li><li data-leveltext=\"\uf0b7\" data-font=\"Symbol\" data-listid=\"3\" aria-setsize=\"-1\" data-aria-posinset=\"1\" data-aria-level=\"1\"><span data-contrast=\"auto\">les co\u00fbts d\u2019\u00e9galit\u00e9 des chances (par l\u2019entremise de l\u2019\u00e9ducation, de programmes d\u2019apprentissage, etc.);\u202f<\/span><span data-ccp-props=\"{\">\u00a0<\/span><\/li><li data-leveltext=\"\uf0b7\" data-font=\"Symbol\" data-listid=\"3\" aria-setsize=\"-1\" data-aria-posinset=\"1\" data-aria-level=\"1\"><span data-contrast=\"auto\">les obstacles linguistiques (lorsque l\u2019anglais et le fran\u00e7ais ne sont pas la langue maternelle du jeune, ou qu\u2019ils ne sont pas bilingues anglais-fran\u00e7ais).\u202f<\/span><span data-ccp-props=\"{\">\u00a0<\/span><\/li><\/ul>\t\t\t\t\t\t<\/div>\n\t\t\t\t<\/div>\n\t\t\t\t\t<\/div>\n\t\t<\/div>\n\t\t\t\t\t\t\t<\/div>\n\t\t<\/section>\n\t\t\t\t<section class=\"elementor-section elementor-top-section elementor-element elementor-element-520e7c4 elementor-section-boxed elementor-section-height-default elementor-section-height-default\" data-id=\"520e7c4\" data-element_type=\"section\">\n\t\t\t\t\t\t<div class=\"elementor-container elementor-column-gap-default\">\n\t\t\t\t\t<div class=\"elementor-column elementor-col-100 elementor-top-column elementor-element elementor-element-043efea\" data-id=\"043efea\" data-element_type=\"column\">\n\t\t\t<div class=\"elementor-widget-wrap elementor-element-populated\">\n\t\t\t\t\t\t\t\t<div class=\"elementor-element elementor-element-797df8e elementor-widget elementor-widget-text-editor\" data-id=\"797df8e\" data-element_type=\"widget\" data-widget_type=\"text-editor.default\">\n\t\t\t\t<div class=\"elementor-widget-container\">\n\t\t\t\t\t\t\t<h3><b><span data-contrast=\"none\">Les jeunes vivent-ils la m\u00eame chose en milieu urbain et en milieu rural?<\/span><\/b><span data-contrast=\"none\">\u202f<\/span><span data-ccp-props=\"{\">\u00a0<\/span><\/h3><p><span data-contrast=\"auto\">L\u2019exp\u00e9rience des jeunes vivant principalement en communaut\u00e9s rurales, comme dans le comt\u00e9 de Lanark, le comt\u00e9 de Renfrew et les comt\u00e9s unis de Prescott et Russell, vivent une exp\u00e9rience tr\u00e8s diff\u00e9rente des jeunes qui vivent en milieu urbain, comme \u00e0 Ottawa. \u202f<\/span><span data-ccp-props=\"{\">\u00a0<\/span><\/p><p><span data-contrast=\"auto\">Les jeunes vivant en milieu urbain ont habituellement un meilleur acc\u00e8s aux services de soutien, tant en personne qu\u2019en ligne. Ils peuvent \u00e9galement avoir acc\u00e8s \u00e0 de meilleurs services de transport et d\u2019Internet. Ils pourraient donc avoir plus d\u2019occasions ou de soutien. Ces jeunes sont aussi plus pr\u00e8s des institutions postsecondaires (la ville d\u2019Ottawa compte deux universit\u00e9s et deux \u00e9tablissements coll\u00e9giaux). Les jeunes vivant en milieu rural de l\u2019est de l\u2019Ontario ont acc\u00e8s \u00e0 deux campus coll\u00e9giaux dont le centre est \u00e9tabli \u00e0 Ottawa, et ont encore moins acc\u00e8s aux \u00e9tablissements postsecondaires locaux.\u202f<\/span><span data-ccp-props=\"{\">\u00a0<\/span><\/p><p><span data-contrast=\"auto\">L\u2019acc\u00e8s aux occasions et aux services de soutien en milieu rural d\u00e9pend de l\u2019acc\u00e8s aux services de transport, ainsi qu\u2019\u00e0 l\u2019acc\u00e8s Internet\/Wi-Fi\/\u00e0 large bande universel. Les occasions pour les jeunes peuvent \u00e9galement d\u00e9pendre du niveau d\u2019\u00e9ducation de l\u2019un de leurs parents, et les taux d\u2019obtention de dipl\u00f4mes d\u2019\u00e9tudes postsecondaires ont tendance \u00e0 \u00eatre inf\u00e9rieurs en communaut\u00e9 rurale. \u202f<\/span><span data-ccp-props=\"{\">\u00a0<\/span><\/p><p><span data-contrast=\"auto\">Les communaut\u00e9s rurales font \u00e9galement face \u00e0 certains probl\u00e8mes d\u2019infrastructure g\u00e9n\u00e9ralement pas si pr\u00e9valents en communaut\u00e9s urbaines, notamment en raison des frais de transport et de services Internet. Certaines solutions permettant de surmonter ces obstacles comprennent un acc\u00e8s aux services de soutien parascolaires et le d\u00e9veloppement de programmes de formation ax\u00e9e sur les comp\u00e9tences g\u00e9n\u00e9rales. Pour adresser ces solutions, nous devons comprendre les fa\u00e7ons dont le revenu m\u00e9dian plus faible d\u2019un m\u00e9nage affecte l\u2019acc\u00e8s des enfants aux programmes.\u202f<\/span><span data-ccp-props=\"{\">\u00a0<\/span><\/p><h3><b><span data-contrast=\"none\">Pourquoi est-il important de reconna\u00eetre les exp\u00e9riences uniques des jeunes dans leur qu\u00eate d\u2019emploi?<\/span><\/b><span data-contrast=\"none\">\u202f<\/span><span data-ccp-props=\"{\">\u00a0<\/span><\/h3><p><span data-contrast=\"auto\">Afin d\u2019offrir des occasions d\u2019emploi \u00e0 tous les jeunes, nous devons tenir compte de tous leurs besoins identitaires.<\/span><\/p><p><span data-contrast=\"auto\">C\u2019est la raison pour laquelle nous reconnaissons les facteurs intersectionnels des jeunes.\u202f\u202f<\/span><span data-ccp-props=\"{\">\u00a0<\/span><\/p><p><span data-contrast=\"auto\">Cela veut dire que nous reconnaissons les diff\u00e9rents facteurs identitaires qui font de chaque jeune une personne unique en son genre et les diff\u00e9rentes fa\u00e7ons dont ils fa\u00e7onnent leurs valeurs, leur perception du monde et leurs exp\u00e9riences personnelles. \u202f<\/span><span data-ccp-props=\"{\">\u00a0<\/span><\/p><p><span data-contrast=\"auto\">Lorsque nous comprenons les divers facteurs intersectionnels de l\u2019identit\u00e9 d\u2019une personne, nous pouvons am\u00e9liorer les occasions, l\u2019acc\u00e8s et l\u2019employabilit\u00e9 de tous les jeunes, y compris les jeunes autochtones, handicap\u00e9s, nouvellement arriv\u00e9s au pays et racialis\u00e9s, y compris ceux des communaut\u00e9s noire et 2SLGBTQ+.\u202f<\/span><span data-ccp-props=\"{\">\u00a0<\/span><\/p><h3><b><span data-contrast=\"none\">Comment la communaut\u00e9 peut-elle se rassembler pour am\u00e9liorer le sort des jeunes?<\/span><\/b><span data-contrast=\"none\">\u202f<\/span><span data-ccp-props=\"{\">\u00a0<\/span><\/h3><p><span data-contrast=\"auto\">Le personnel enseignant \u2013 tant aux niveaux primaire, secondaire et postsecondaire \u2013 peut offrir des programmes de mentorat, des programmes d\u2019enseignement coop\u00e9ratif et des stages int\u00e9gr\u00e9s aux programmes d\u2019\u00e9tudes ou aux programmes menant \u00e0 un grade. Ceux-ci permettent aux \u00e9tudiants et \u00e9tudiantes d\u2019acc\u00e9der \u00e0 des services d\u2019orientation pendant leurs \u00e9tudes. Le personnel enseignant peut aussi int\u00e9grer la litt\u00e9ratie en mati\u00e8re d\u2019emploi et l\u2019autopromotion dans les programmes d\u2019\u00e9tudes pour aider les jeunes avec les pratiques exemplaires en mati\u00e8re de recherche d\u2019emploi et les aider \u00e0 \u00eatre conscients des occasions, des exigences et des services de soutien qui assureront leur r\u00e9ussite. \u202f<\/span><span data-ccp-props=\"{\">\u00a0<\/span><\/p><p><span data-contrast=\"auto\">Pour avoir acc\u00e8s \u00e0 tout cela, il faut d\u2019abord avoir acc\u00e8s \u00e0 des services de transport qui permettent aux jeunes de participer pleinement \u00e0 ces programmes.\u202f<\/span><span data-ccp-props=\"{\">\u00a0<\/span><\/p><p><span data-contrast=\"auto\">Les employeurs s\u2019assurent que les annonces d\u2019emploi et les mises en candidatures sont accessibles \u00e0 tous les chercheurs et chercheuses d\u2019emploi, dans les deux langues officielles. Ils offrent \u00e9galement des annonces d\u2019emploi aux groupes communautaires dans d\u2019autres langues maternelles pour faciliter l\u2019acc\u00e8s aux occasions d\u2019emploi. \u202f<\/span><span data-ccp-props=\"{\">\u00a0<\/span><\/p><p><span data-contrast=\"auto\">Les employeurs peuvent \u00e9galement prendre en consid\u00e9ration des partenariats communautaires avec des jeunes, des fournisseurs de services et des \u00e9tablissements d\u2019enseignement qui leur permettent de jouer un r\u00f4le pr\u00e9pond\u00e9rant dans l\u2019\u00e9tablissement des attentes li\u00e9es \u00e0 la litt\u00e9ratie en mati\u00e8re d\u2019emploi, aux comp\u00e9tences professionnelles et au cheminement professionnel, tout en faisant parti du processus \u00e9ducatif des jeunes. \u202f<\/span><span data-ccp-props=\"{\">\u00a0<\/span><\/p><p><span data-contrast=\"auto\">Les employeurs peuvent utiliser des ressources et des r\u00e9seaux actuels, comme le\u00a0<\/span><a href=\"https:\/\/earn-paire.ca\/fr\/\" target=\"_blank\" rel=\"noopener\"><span data-contrast=\"none\">Partenariat en acc\u00e8s, informations et ressources d\u2019emploi (PAIRE)<\/span><\/a><span data-contrast=\"auto\">\u00a0ou\u00a0<\/span><a href=\"http:\/\/www.hireimmigrantsottawa.ca\/fr\/\" target=\"_blank\" rel=\"noopener\"><span data-contrast=\"none\">Embauche Immigrants Ottawa (EIO)<\/span><\/a><span data-contrast=\"auto\">\u00a0pour demeurer \u00e0 l\u2019aff\u00fbt des pratiques exemplaires et am\u00e9liorer leurs capacit\u00e9s de recrutement \u00e0 partir de bassins de talent sous-repr\u00e9sent\u00e9s. En ce faisant, les employeurs peuvent activement favoriser le recrutement de membres de groupes sous-repr\u00e9sent\u00e9s; ils n\u2019ont qu\u2019\u00e0 faire conna\u00eetre leur accessibilit\u00e9 et leur volont\u00e9 \u00e0 inclure ces employ\u00e9s et employ\u00e9es potentiels. \u202f<\/span><span data-ccp-props=\"{\">\u00a0<\/span><\/p><p><span data-contrast=\"auto\">Le tout doit \u00eatre accessible (si les jeunes se butent \u00e0 des obstacles en mati\u00e8re de transport ou ont de la difficult\u00e9 \u00e0 acc\u00e9der \u00e0 Internet) et se concentrer directement sur des solutions offertes dans les deux langues officielles. Il doit aussi offrir une option d\u2019acc\u00e8s aux services de soutien ou au mat\u00e9riel dans une langue maternelle autre que l\u2019anglais et le fran\u00e7ais.\u202f<\/span><span data-ccp-props=\"{\">\u00a0<\/span><\/p><h3><b><span data-contrast=\"none\">Qu\u2019est-ce que Centraide s\u2019engage \u00e0 faire?<\/span><\/b><span data-contrast=\"none\">\u202f<\/span><span data-ccp-props=\"{\">\u00a0<\/span><\/h3><p><span data-contrast=\"auto\">Nous nous engageons \u00e0 faire de la recherche et \u00e0 militer pour les personnes handicap\u00e9es de sorte qu\u2019elles puissent avoir acc\u00e8s \u00e0 des services de soutien en mati\u00e8re d\u2019emploi qui leur permettront de d\u00e9crocher un emploi \u00e9quitable.\u202f<\/span><span data-ccp-props=\"{\">\u00a0<\/span><\/p><p><span data-contrast=\"auto\">Nous continuerons d\u2019offrir des ateliers par l\u2019entremise du PAIRE, d\u2019EIO et d\u2019autres initiatives communautaires pour appuyer les employeurs et les \u00e9ducateurs\/\u00e9ducatrices (ainsi que d\u2019autres parties communautaires int\u00e9ress\u00e9es) qui viennent en aide aux jeunes \u00e0 la recherche d\u2019un emploi.\u202f\u202f<\/span><span data-ccp-props=\"{\">\u00a0<\/span><\/p><p><span data-contrast=\"auto\">Nous pr\u00e9coniserons l\u2019utilisation de donn\u00e9es d\u00e9sagr\u00e9g\u00e9es pour orienter la recherche que nous et d\u2019autres organismes communautaires effectuons. \u202f<\/span><span data-ccp-props=\"{\">\u00a0<\/span><\/p><p><span data-contrast=\"auto\">Nous tenterons d\u2019\u00e9tablir des partenariats entre des employeurs et des fournisseurs de services pour aider les jeunes \u00e0 la recherche d\u2019un emploi.\u202f\u202f<\/span><span data-ccp-props=\"{\">\u00a0<\/span><\/p><p><span data-contrast=\"auto\">Nous rassemblons \u00e9galement les parties int\u00e9ress\u00e9es de la communaut\u00e9, du secteur de l\u2019\u00e9ducation ainsi que de l\u2019emploi pour discuter des pratiques actuelles et des fa\u00e7ons d\u2019\u00e9liminer les obstacles en mati\u00e8re d\u2019emploi pour les jeunes tout en cherchant \u00e0 renforcer les protocoles et les services de soutien auxquels les jeunes de nos communaut\u00e9s ont acc\u00e8s pendant leur qu\u00eate d\u2019emploi.\u202f<\/span><span data-ccp-props=\"{\">\u00a0<\/span><\/p>\t\t\t\t\t\t<\/div>\n\t\t\t\t<\/div>\n\t\t\t\t\t<\/div>\n\t\t<\/div>\n\t\t\t\t\t\t\t<\/div>\n\t\t<\/section>\n\t\t\t\t<section class=\"elementor-section elementor-top-section elementor-element elementor-element-42fdba41 elementor-section-boxed elementor-section-height-default elementor-section-height-default\" data-id=\"42fdba41\" data-element_type=\"section\">\n\t\t\t\t\t\t<div class=\"elementor-container elementor-column-gap-default\">\n\t\t\t\t\t<div class=\"elementor-column elementor-col-100 elementor-top-column elementor-element elementor-element-31b5540b\" data-id=\"31b5540b\" data-element_type=\"column\">\n\t\t\t<div class=\"elementor-widget-wrap elementor-element-populated\">\n\t\t\t\t\t\t\t\t<div class=\"elementor-element elementor-element-3b00d96f elementor-align-center elementor-widget elementor-widget-button\" data-id=\"3b00d96f\" data-element_type=\"widget\" data-widget_type=\"button.default\">\n\t\t\t\t<div class=\"elementor-widget-container\">\n\t\t\t\t\t<div class=\"elementor-button-wrapper\">\n\t\t\t<a class=\"elementor-button elementor-button-link elementor-size-lg\" href=\"https:\/\/www.unitedwayeo.ca\/wp-content\/uploads\/2022\/03\/UWEO-Environmental-Scan-Document-FR.pdf\" target=\"_blank\">\n\t\t\t\t\t\t<span class=\"elementor-button-content-wrapper\">\n\t\t\t\t\t\t<span class=\"elementor-button-text\">Apprenez-en plus sur les r\u00e9sultats de ce rapport<\/span>\n\t\t<\/span>\n\t\t\t\t\t<\/a>\n\t\t<\/div>\n\t\t\t\t<\/div>\n\t\t\t\t<\/div>\n\t\t\t\t\t<\/div>\n\t\t<\/div>\n\t\t\t\t\t\t\t<\/div>\n\t\t<\/section>\n\t\t\t\t<section class=\"elementor-section elementor-top-section elementor-element elementor-element-f2d773b elementor-section-boxed elementor-section-height-default elementor-section-height-default\" data-id=\"f2d773b\" data-element_type=\"section\">\n\t\t\t\t\t\t<div class=\"elementor-container elementor-column-gap-default\">\n\t\t\t\t\t<div class=\"elementor-column elementor-col-100 elementor-top-column elementor-element elementor-element-48d061b\" data-id=\"48d061b\" data-element_type=\"column\">\n\t\t\t<div class=\"elementor-widget-wrap elementor-element-populated\">\n\t\t\t\t\t\t\t\t<div class=\"elementor-element elementor-element-c37a1c4 elementor-widget-divider--view-line elementor-widget elementor-widget-divider\" data-id=\"c37a1c4\" data-element_type=\"widget\" data-widget_type=\"divider.default\">\n\t\t\t\t<div class=\"elementor-widget-container\">\n\t\t\t\t\t<div class=\"elementor-divider\">\n\t\t\t<span class=\"elementor-divider-separator\">\n\t\t\t\t\t\t<\/span>\n\t\t<\/div>\n\t\t\t\t<\/div>\n\t\t\t\t<\/div>\n\t\t\t\t<div class=\"elementor-element elementor-element-901aada elementor-widget elementor-widget-text-editor\" data-id=\"901aada\" data-element_type=\"widget\" data-widget_type=\"text-editor.default\">\n\t\t\t\t<div class=\"elementor-widget-container\">\n\t\t\t\t\t\t\t<div class=\"elementor-element elementor-element-9dd7cd8 elementor-widget elementor-widget-heading\" data-id=\"9dd7cd8\" data-element_type=\"widget\" data-widget_type=\"heading.default\"><div class=\"elementor-widget-container\"><p class=\"elementor-heading-title elementor-size-default\"><em><strong>GenNext a toujours \u00e9t\u00e9 votre lien entre le mouvement et le travail de Centraide dans notre r\u00e9gion. <\/strong>En rassemblant des partenaires locaux, des minist\u00e8res, des agences communautaires et des donateurs, nous d\u00e9terminons les besoins les plus importants de nos communaut\u00e9s et nous nous assurons que nos investissements ont l\u2019effet le plus palpable. <a href=\"https:\/\/gennexteo.ca\/fr\/qui-nous-sommes\/\" target=\"_blank\" rel=\"noopener\">E<span class=\"Y2IQFc\" lang=\"fr\">n savoir plus sur qui nous sommes.<\/span><\/a><\/em><\/p><\/div><\/div>\t\t\t\t\t\t<\/div>\n\t\t\t\t<\/div>\n\t\t\t\t\t<\/div>\n\t\t<\/div>\n\t\t\t\t\t\t\t<\/div>\n\t\t<\/section>\n\t\t\t\t\t\t\t<\/div>\n\t\t","protected":false},"excerpt":{"rendered":"<p>Pour mettre fin au ch\u00f4mage chez les jeunes de 15 \u00e0 24 ans dans l\u2019est de l\u2019Ontario, nous devons faciliter l\u2019acc\u00e8s \u00e0 des services sociaux, \u00e9ducatifs et financiers am\u00e9lior\u00e9s. <\/p>\n","protected":false},"featured_media":7819,"parent":0,"menu_order":0,"template":"","format":"standard","tags":[33],"class_list":["post-7855","news","type-news","status-publish","format-standard","has-post-thumbnail","hentry","tag-emplois-equitables"],"acf":[],"aioseo_notices":[],"_links":{"self":[{"href":"https:\/\/gennexteo.ca\/fr\/wp-json\/wp\/v2\/news\/7855","targetHints":{"allow":["GET"]}}],"collection":[{"href":"https:\/\/gennexteo.ca\/fr\/wp-json\/wp\/v2\/news"}],"about":[{"href":"https:\/\/gennexteo.ca\/fr\/wp-json\/wp\/v2\/types\/news"}],"version-history":[{"count":9,"href":"https:\/\/gennexteo.ca\/fr\/wp-json\/wp\/v2\/news\/7855\/revisions"}],"predecessor-version":[{"id":8001,"href":"https:\/\/gennexteo.ca\/fr\/wp-json\/wp\/v2\/news\/7855\/revisions\/8001"}],"wp:featuredmedia":[{"embeddable":true,"href":"https:\/\/gennexteo.ca\/fr\/wp-json\/wp\/v2\/media\/7819"}],"wp:attachment":[{"href":"https:\/\/gennexteo.ca\/fr\/wp-json\/wp\/v2\/media?parent=7855"}],"wp:term":[{"taxonomy":"post_tag","embeddable":true,"href":"https:\/\/gennexteo.ca\/fr\/wp-json\/wp\/v2\/tags?post=7855"}],"curies":[{"name":"wp","href":"https:\/\/api.w.org\/{rel}","templated":true}]}}